{"id":37556,"date":"2016-06-20T10:10:29","date_gmt":"2016-06-20T15:10:29","guid":{"rendered":"http:\/\/lamendigapolitica.com\/blog\/?p=37556"},"modified":"2016-06-20T10:10:29","modified_gmt":"2016-06-20T15:10:29","slug":"vaquita-marina-con-pocas-posibilidades-de-salvacion","status":"publish","type":"post","link":"https:\/\/lamendigapolitica.com\/?p=37556","title":{"rendered":"Vaquita marina con pocas posibilidades de salvaci\u00f3n"},"content":{"rendered":"<p><a href=\"https:\/\/lamendigapolitica.com\/blog\/blog\/?attachment_id=37557\" rel=\"attachment wp-att-37557\"><img loading=\"lazy\" decoding=\"async\" class=\"aligncenter size-full wp-image-37557\" src=\"https:\/\/lamendigapolitica.com\/blog\/blog\/wp-content\/uploads\/2016\/06\/vaqyita-marina.jpg\" alt=\"vaqyita marina\" width=\"311\" height=\"162\" srcset=\"https:\/\/lamendigapolitica.com\/wp-content\/uploads\/2016\/06\/vaqyita-marina.jpg 311w, https:\/\/lamendigapolitica.com\/wp-content\/uploads\/2016\/06\/vaqyita-marina-300x156.jpg 300w\" sizes=\"auto, (max-width: 311px) 100vw, 311px\" \/><\/a><\/p>\n<p>&nbsp;<\/p>\n<p>La \u00faltima oportunidad de salvar a la vaquita marina de la extinci\u00f3n puede ser un proyecto para capturar a los pocos espec\u00edmenes que quedan y dejarlos en condiciones de semi-cautividad, de acuerdo a un grupo de expertos internacionales que monitorizan especies. Aunque otros expertos aseguran que el plan puede acelerar la desaparici\u00f3n de este residente de nariz chata en el Golfo de California, que ostentar\u00eda el r\u00e9cord de ser el quincuag\u00e9simo mam\u00edfero marino en extinguirse, publica hoy SinEmbargo.<\/p>\n<p>&nbsp;<\/p>\n<p>De acuerrdo con el informe difundido por el Comit\u00e9 Internacional para la Recuperaci\u00f3n de la Vaquita, o CIRVA en sus siglas en ingl\u00e9s, un equipo establecido por las autoridades mexicanas para observar la poblaci\u00f3n de esta especie, sostiene que las \u201caproximaciones ex-situ\u201d tienen que ser consideradas seriamente. Aunque en el reporte de la CIRVA se admite que el proyecto contiene grandes riesgos, pues la vaquita nunca ha sido recluida en cautividad, pero se afirma, tambi\u00e9n, que no hay otra opci\u00f3n.<\/p>\n<p>&nbsp;<\/p>\n<p>&nbsp;<\/p>\n<p>\u201cDado el peque\u00f1\u00edsimo n\u00famero de vaquitas y las amenazas que enfrentan, la opci\u00f3n de la conservaci\u00f3n ex-situ debe evaluarse abiertamente\u201d, se lee en este texto. \u201cSi la vaquita se est\u00e1 extinguiendo, la pregunta que deber\u00edamos hacernos es si la conservaci\u00f3n ex-situ es una opci\u00f3n, y si no, \u00bfPor qu\u00e9 no?\u201d. Un avance del informe publicado el mes pasado alertaba que el n\u00famero de vaquitas que quedaban ha descendido a unas 60 en total. No especifica el n\u00famero de hembras en edad reproductiva.<\/p>\n<p>&nbsp;<\/p>\n<p>Pero algunos observadores de la vaquita temen que intentando capturar espec\u00edmenes, aunque sea a unos pocos, puede llevar a esta especie a su desaparici\u00f3n total. \u201cCon s\u00f3lo 60 vaquitas, simplemente no podemos permitirnos matar a alguna de ellas en experimentos. Cada vaquita cuenta\u201d, declara Omar Vidal, jefe de la oficina mexicana de World Wildlife Fund (WWF) a Associated Press. \u201cCapturar vaquitas para que se reproduzcan es demasiado arriesgado y no es una opci\u00f3n viable\u201d.<\/p>\n","protected":false},"excerpt":{"rendered":"<p>&nbsp; La \u00faltima oportunidad de salvar a la vaquita marina de la extinci\u00f3n puede ser un proyecto para capturar a los pocos espec\u00edmenes que quedan y dejarlos en condiciones de semi-cautividad, de acuerdo a un grupo de expertos internacionales que monitorizan especies. Aunque otros expertos aseguran que el plan puede acelerar la desaparici\u00f3n de este &hellip; <\/p>\n<p><a class=\"more-link btn\" href=\"https:\/\/lamendigapolitica.com\/?p=37556\">Seguir leyendo<\/a><\/p>\n","protected":false},"author":1,"featured_media":0,"comment_status":"open","ping_status":"closed","sticky":false,"template":"","format":"standard","meta":{"footnotes":""},"categories":[6,20,5,3,22],"tags":[],"class_list":["post-37556","post","type-post","status-publish","format-standard","hentry","category-congreso","category-gobierno","category-partidos","category-politica","category-sociales","item-wrap"],"_links":{"self":[{"href":"https:\/\/lamendigapolitica.com\/index.php?rest_route=\/wp\/v2\/posts\/37556","targetHints":{"allow":["GET"]}}],"collection":[{"href":"https:\/\/lamendigapolitica.com\/index.php?rest_route=\/wp\/v2\/posts"}],"about":[{"href":"https:\/\/lamendigapolitica.com\/index.php?rest_route=\/wp\/v2\/types\/post"}],"author":[{"embeddable":true,"href":"https:\/\/lamendigapolitica.com\/index.php?rest_route=\/wp\/v2\/users\/1"}],"replies":[{"embeddable":true,"href":"https:\/\/lamendigapolitica.com\/index.php?rest_route=%2Fwp%2Fv2%2Fcomments&post=37556"}],"version-history":[{"count":1,"href":"https:\/\/lamendigapolitica.com\/index.php?rest_route=\/wp\/v2\/posts\/37556\/revisions"}],"predecessor-version":[{"id":37558,"href":"https:\/\/lamendigapolitica.com\/index.php?rest_route=\/wp\/v2\/posts\/37556\/revisions\/37558"}],"wp:attachment":[{"href":"https:\/\/lamendigapolitica.com\/index.php?rest_route=%2Fwp%2Fv2%2Fmedia&parent=37556"}],"wp:term":[{"taxonomy":"category","embeddable":true,"href":"https:\/\/lamendigapolitica.com\/index.php?rest_route=%2Fwp%2Fv2%2Fcategories&post=37556"},{"taxonomy":"post_tag","embeddable":true,"href":"https:\/\/lamendigapolitica.com\/index.php?rest_route=%2Fwp%2Fv2%2Ftags&post=37556"}],"curies":[{"name":"wp","href":"https:\/\/api.w.org\/{rel}","templated":true}]}}