{"id":37553,"date":"2016-06-20T10:08:40","date_gmt":"2016-06-20T15:08:40","guid":{"rendered":"http:\/\/lamendigapolitica.com\/blog\/?p=37553"},"modified":"2016-06-20T10:08:40","modified_gmt":"2016-06-20T15:08:40","slug":"ponen-en-duda-la-legitimidad-de-la-reforma","status":"publish","type":"post","link":"https:\/\/lamendigapolitica.com\/?p=37553","title":{"rendered":"Ponen en duda la legitimidad de la Reforma"},"content":{"rendered":"<p><a href=\"https:\/\/lamendigapolitica.com\/blog\/blog\/?attachment_id=37554\" rel=\"attachment wp-att-37554\"><img loading=\"lazy\" decoding=\"async\" class=\"aligncenter size-full wp-image-37554\" src=\"https:\/\/lamendigapolitica.com\/blog\/blog\/wp-content\/uploads\/2016\/06\/cuatro.jpg\" alt=\"cuatro\" width=\"300\" height=\"168\" \/><\/a><\/p>\n<p>&nbsp;<\/p>\n<p>El movimiento disidente de los maestros de la Coordinadora Nacional de Trabajadores de la Educaci\u00f3n (CNTE) tom\u00f3 ayer un nuevo rumbo, cuando fuerzas de seguridad federales y estatales reprimieron a balazos la manifestaci\u00f3n en Nochixtl\u00e1n, Oaxaca, asesinando oficialmente a seis maestros, deteniendo a 21 y dejando al menos a 53 civiles heridos, 41 polic\u00edas federales, tres de ellos de bala y 14 polic\u00edas estatales, se\u00f1ala hoy SinEmbargo.<\/p>\n<p>&nbsp;<\/p>\n<p>Pol\u00edticos, activistas, dirigentes magisteriales y analistas, el Gobierno federal pretende imponer su Reforma Educativa a punta de pistola, granadas, gases lacrim\u00f3genos y persecuci\u00f3n. C\u00e9sar Cravioto Romero, coordinador de la bancada del partido que lidera Andr\u00e9s Manuel L\u00f3pez Obrador, Movimiento Regeneraci\u00f3n Nacional (Morena), dijo que el Presidente Enrique Pe\u00f1a Nieto pas\u00f3 de ser un \u201crepresor\u201d a un \u201casesino\u201d.<\/p>\n<p>&nbsp;<\/p>\n<p>La bancada del Partido Acci\u00f3n Nacional (PAN) en el Senado anunci\u00f3 que exigir\u00e1 la comparecencia de los Secretarios de Gobernaci\u00f3n Miguel \u00c1ngel Osorio Chong y de Educaci\u00f3n P\u00fablica, Aurelio Nu\u00f1o, para hablar sobre los enfrentamientos con la CNTE. Los legisladores tambi\u00e9n demandar\u00e1n la presencia de Comisionado Nacional de Seguridad Renato Sales para que rinda cuentas sobre el operativo realizado en Nochixtl\u00e1n, Oaxaca.<\/p>\n<p>&nbsp;<\/p>\n<p>El presidente de la Comisi\u00f3n de Educaci\u00f3n en el Senado, Juan Carlos Romero Hicks, conden\u00f3 los hechos en aquella entidad, donde tambi\u00e9n se reportaron decenas de heridos. El legislador consider\u00f3 que las acciones de fuerza realizadas por corporaciones policiacas federales para el desalojo de los docentes no deben ser el camino a seguir por el Gobierno federal. Aunque el Congreso federal carece de facultades, los panistas tambi\u00e9n adelantaron que solicitar\u00e1n la comparecencia del Gobernador de Oaxaca Gabino Cu\u00e9, para que informe sobre los hechos de este fin de semana.<\/p>\n<p>&nbsp;<\/p>\n<p>El\u00a0 Partido de la Revoluci\u00f3n Democr\u00e1tica (PRD) lament\u00f3 y conden\u00f3\u00a0 a trav\u00e9s de un comunicado de prensa los hechos violentos ocurridos en Oaxaca e hizo un llamado a las autoridades federales para cesar la violencia y atender los protocolos de Derechos Humanos para el control del desbordamiento de manifestaciones. Adem\u00e1s, exigi\u00f3 que la Secretar\u00eda de Gobernaci\u00f3n (Segob) abra el di\u00e1logo\u00a0 con los profesores para \u201cencontrar una salida a este conflicto que lacera la gobernabilidad tanto en el estado como en el resto del pa\u00eds y que vulnerabiliza a la poblaci\u00f3n civil, m\u00e1s all\u00e1 de sus filiaciones pol\u00edticas y sindicales\u201d.<\/p>\n","protected":false},"excerpt":{"rendered":"<p>&nbsp; El movimiento disidente de los maestros de la Coordinadora Nacional de Trabajadores de la Educaci\u00f3n (CNTE) tom\u00f3 ayer un nuevo rumbo, cuando fuerzas de seguridad federales y estatales reprimieron a balazos la manifestaci\u00f3n en Nochixtl\u00e1n, Oaxaca, asesinando oficialmente a seis maestros, deteniendo a 21 y dejando al menos a 53 civiles heridos, 41 polic\u00edas &hellip; <\/p>\n<p><a class=\"more-link btn\" href=\"https:\/\/lamendigapolitica.com\/?p=37553\">Seguir leyendo<\/a><\/p>\n","protected":false},"author":1,"featured_media":0,"comment_status":"open","ping_status":"closed","sticky":false,"template":"","format":"standard","meta":{"footnotes":""},"categories":[6,28,20,5,3],"tags":[],"class_list":["post-37553","post","type-post","status-publish","format-standard","hentry","category-congreso","category-educacion","category-gobierno","category-partidos","category-politica","item-wrap"],"_links":{"self":[{"href":"https:\/\/lamendigapolitica.com\/index.php?rest_route=\/wp\/v2\/posts\/37553","targetHints":{"allow":["GET"]}}],"collection":[{"href":"https:\/\/lamendigapolitica.com\/index.php?rest_route=\/wp\/v2\/posts"}],"about":[{"href":"https:\/\/lamendigapolitica.com\/index.php?rest_route=\/wp\/v2\/types\/post"}],"author":[{"embeddable":true,"href":"https:\/\/lamendigapolitica.com\/index.php?rest_route=\/wp\/v2\/users\/1"}],"replies":[{"embeddable":true,"href":"https:\/\/lamendigapolitica.com\/index.php?rest_route=%2Fwp%2Fv2%2Fcomments&post=37553"}],"version-history":[{"count":1,"href":"https:\/\/lamendigapolitica.com\/index.php?rest_route=\/wp\/v2\/posts\/37553\/revisions"}],"predecessor-version":[{"id":37555,"href":"https:\/\/lamendigapolitica.com\/index.php?rest_route=\/wp\/v2\/posts\/37553\/revisions\/37555"}],"wp:attachment":[{"href":"https:\/\/lamendigapolitica.com\/index.php?rest_route=%2Fwp%2Fv2%2Fmedia&parent=37553"}],"wp:term":[{"taxonomy":"category","embeddable":true,"href":"https:\/\/lamendigapolitica.com\/index.php?rest_route=%2Fwp%2Fv2%2Fcategories&post=37553"},{"taxonomy":"post_tag","embeddable":true,"href":"https:\/\/lamendigapolitica.com\/index.php?rest_route=%2Fwp%2Fv2%2Ftags&post=37553"}],"curies":[{"name":"wp","href":"https:\/\/api.w.org\/{rel}","templated":true}]}}