{"id":37542,"date":"2016-06-20T09:24:55","date_gmt":"2016-06-20T14:24:55","guid":{"rendered":"http:\/\/lamendigapolitica.com\/blog\/?p=37542"},"modified":"2016-06-20T09:24:55","modified_gmt":"2016-06-20T14:24:55","slug":"asegura-galindo-que-lo-de-nochixtlan-fue-una-emboscada","status":"publish","type":"post","link":"https:\/\/lamendigapolitica.com\/?p=37542","title":{"rendered":"Asegura Galindo que lo de Nochixtl\u00e1n fue una emboscada"},"content":{"rendered":"<p><a href=\"https:\/\/lamendigapolitica.com\/blog\/blog\/?attachment_id=37544\" rel=\"attachment wp-att-37544\"><img loading=\"lazy\" decoding=\"async\" class=\"aligncenter size-full wp-image-37544\" src=\"https:\/\/lamendigapolitica.com\/blog\/blog\/wp-content\/uploads\/2016\/06\/dos-1.jpg\" alt=\"dos\" width=\"311\" height=\"162\" srcset=\"https:\/\/lamendigapolitica.com\/wp-content\/uploads\/2016\/06\/dos-1.jpg 311w, https:\/\/lamendigapolitica.com\/wp-content\/uploads\/2016\/06\/dos-1-300x156.jpg 300w\" sizes=\"auto, (max-width: 311px) 100vw, 311px\" \/><\/a><\/p>\n<p>&nbsp;<\/p>\n<p>El comisionado de la Polic\u00eda Federal, Enrique Galindo, afirm\u00f3 que los federales fueron emboscados en los hechos de este domingo en Nochixtl\u00e1n, Oaxaca, donde murieron seis civiles, adem\u00e1s de que se detuvieron a 24 personas, en entrevista radiof\u00f3nica con Adela Micha para Grupo Imagen Multimedia, se\u00f1al\u00f3 que el operativo implementado la ma\u00f1ana de este domingo era para liberar la carretera en Nochixtl\u00e1n, por lo cual los elementos de la Polic\u00eda Federal no llevaban armas, sin embargo, el escenario cambi\u00f3 cuando comenzaron a lanzarles cohetones y bombas molotov.<\/p>\n<p>&nbsp;<\/p>\n<p>Se hab\u00eda recuperado la circulaci\u00f3n sin ning\u00fan problema, se desahog\u00f3 la circulaci\u00f3n hasta las diez de la ma\u00f1ana. No van armados (elementos de la PF), no llevan armas de fuego, los primeros disparos vienen de otras personas y vienen contra los polic\u00edas, por lo que hay un cambio dram\u00e1tico de escenario. Fue una especie de emboscada, se present\u00f3 gente con cohetones y armas de fuego\u201d, inform\u00f3.<\/p>\n<p>&nbsp;<\/p>\n<p>Asimismo, detall\u00f3 que se toma la decisi\u00f3n de un \u201calejamiento t\u00e1ctico\u201d\u00a0 puesto que los elementos o estaban armados, pero precisa que ya hab\u00eda heridos por arma de fuego\u00a0 del lado de la Polic\u00eda Federal. Galindo menciona que un grupo de apoyo de la polic\u00eda ministerial sale desde el centro de Oaxaca, al momento de llegar \u201chay mucha confusi\u00f3n, hay mucha gente en la zona. Lo que fue prudente era mejor retirarse que seguir provocando\u201d.<\/p>\n<p>&nbsp;<\/p>\n<p>Cuando nos retiramos es cuando llega la otra parte de la polic\u00eda. La instrucci\u00f3n que yo doy es ya no tener ning\u00fan tipo de confrontaci\u00f3n. La poblaci\u00f3n comienza a poner bloqueos y nosotros a quitarlos. Para ese entonces ya tenemos siete heridos de bala\u201d, afirm\u00f3. Enrique Galindo indic\u00f3 que se est\u00e1n realizado las investigaciones correspondientes, sin embargo, precis\u00f3 que no puede afirmar que la PF haya repelido los disparos.<\/p>\n<p>&nbsp;<\/p>\n<p>No han terminado las necropsias, dos o tres (cuerpos) que s\u00ed presentan heridas por arma de fuego, pero todav\u00eda no te lo puedo confirmar. Tendr\u00edamos que esperar, lo que yo te estoy narrando es lo que me han dicho mis elementos. Ellos llegaron muy heridos, muy lastimados, con machetazos en la cara. Estoy orgullosos de ellos, porque \u00edbamos a otra cosa, pero el escenario cambi\u00f3\u201d, se\u00f1al\u00f3. Por \u00faltimo, dijo que se debe restablecer el orden en el estado, ya que grupos de v\u00e1ndalos han cometido varios delitos.<\/p>\n","protected":false},"excerpt":{"rendered":"<p>&nbsp; El comisionado de la Polic\u00eda Federal, Enrique Galindo, afirm\u00f3 que los federales fueron emboscados en los hechos de este domingo en Nochixtl\u00e1n, Oaxaca, donde murieron seis civiles, adem\u00e1s de que se detuvieron a 24 personas, en entrevista radiof\u00f3nica con Adela Micha para Grupo Imagen Multimedia, se\u00f1al\u00f3 que el operativo implementado la ma\u00f1ana de este &hellip; <\/p>\n<p><a class=\"more-link btn\" href=\"https:\/\/lamendigapolitica.com\/?p=37542\">Seguir leyendo<\/a><\/p>\n","protected":false},"author":1,"featured_media":0,"comment_status":"open","ping_status":"closed","sticky":false,"template":"","format":"standard","meta":{"footnotes":""},"categories":[6,28,20,5,3,27],"tags":[],"class_list":["post-37542","post","type-post","status-publish","format-standard","hentry","category-congreso","category-educacion","category-gobierno","category-partidos","category-politica","category-seguridad","item-wrap"],"_links":{"self":[{"href":"https:\/\/lamendigapolitica.com\/index.php?rest_route=\/wp\/v2\/posts\/37542","targetHints":{"allow":["GET"]}}],"collection":[{"href":"https:\/\/lamendigapolitica.com\/index.php?rest_route=\/wp\/v2\/posts"}],"about":[{"href":"https:\/\/lamendigapolitica.com\/index.php?rest_route=\/wp\/v2\/types\/post"}],"author":[{"embeddable":true,"href":"https:\/\/lamendigapolitica.com\/index.php?rest_route=\/wp\/v2\/users\/1"}],"replies":[{"embeddable":true,"href":"https:\/\/lamendigapolitica.com\/index.php?rest_route=%2Fwp%2Fv2%2Fcomments&post=37542"}],"version-history":[{"count":1,"href":"https:\/\/lamendigapolitica.com\/index.php?rest_route=\/wp\/v2\/posts\/37542\/revisions"}],"predecessor-version":[{"id":37545,"href":"https:\/\/lamendigapolitica.com\/index.php?rest_route=\/wp\/v2\/posts\/37542\/revisions\/37545"}],"wp:attachment":[{"href":"https:\/\/lamendigapolitica.com\/index.php?rest_route=%2Fwp%2Fv2%2Fmedia&parent=37542"}],"wp:term":[{"taxonomy":"category","embeddable":true,"href":"https:\/\/lamendigapolitica.com\/index.php?rest_route=%2Fwp%2Fv2%2Fcategories&post=37542"},{"taxonomy":"post_tag","embeddable":true,"href":"https:\/\/lamendigapolitica.com\/index.php?rest_route=%2Fwp%2Fv2%2Ftags&post=37542"}],"curies":[{"name":"wp","href":"https:\/\/api.w.org\/{rel}","templated":true}]}}