{"id":37539,"date":"2016-06-19T20:20:49","date_gmt":"2016-06-20T01:20:49","guid":{"rendered":"http:\/\/lamendigapolitica.com\/blog\/?p=37539"},"modified":"2016-06-19T20:20:49","modified_gmt":"2016-06-20T01:20:49","slug":"hora-negra-en-nochixtlan","status":"publish","type":"post","link":"https:\/\/lamendigapolitica.com\/?p=37539","title":{"rendered":"Hora negra en Nochixtl\u00e1n"},"content":{"rendered":"<p><a href=\"https:\/\/lamendigapolitica.com\/blog\/blog\/?attachment_id=37540\" rel=\"attachment wp-att-37540\"><img loading=\"lazy\" decoding=\"async\" class=\"aligncenter size-full wp-image-37540\" src=\"https:\/\/lamendigapolitica.com\/blog\/blog\/wp-content\/uploads\/2016\/06\/violencia.jpg\" alt=\"violencia\" width=\"288\" height=\"175\" \/><\/a><\/p>\n<p>&nbsp;<\/p>\n<p>Miembros del ala m\u00e1s radical del sindicato de maestros, que llevan d\u00edas manifest\u00e1ndose en protesta por la detenci\u00f3n de algunos de sus l\u00edderes, protagonizaron el domingo fuertes choques en varias localidades del estado de Oaxaca. Hasta esta noche, disidentes reportaban seis muertos. Una fuente del Gobierno dijo que tambi\u00e9n un polic\u00eda muri\u00f3, reporta SinEmbargo.<\/p>\n<p>&nbsp;<\/p>\n<p>Seg\u00fan reporta el diario cerca de 21 disidentes, entre ciudadanos y maestros, fueron detenidos; hay unos 45 heridos, entre ellos seis polic\u00edas, y se confirm\u00f3 la muertos de tres civiles \u2013aunque luego se habl\u00f3 de seis\u2013 y un polic\u00eda luego de una jornada de enfrentamientos entre integrantes de la Coordinadora Nacional de Trabajadores de la Educaci\u00f3n (CNTE), simpatizantes y elementos de las polic\u00edas Federal y Estatal, quienes desalojaron a los profesores disidentes de la autopista Oaxaca-Puebla y la carretera federal 190, en el municipio de Asunci\u00f3n Nochixtl\u00e1n, en Oaxaca.<\/p>\n<p>&nbsp;<\/p>\n<p>El enfrentamiento se desat\u00f3 cuando unos 500 polic\u00edas llegaron al lugar y fueron recibidos con piedras y palos por parte de los profesores, que incendiaron varios veh\u00edculos del lugar al intentar utilizarlos como barricadas. La polic\u00eda de Oaxaca inform\u00f3 que seis agentes resultaron heridos \u201cpor armas de fuego\u201d y que unos 20 manifestantes tambi\u00e9n fueron lesionados.<\/p>\n<p>&nbsp;<\/p>\n<p>Isabel Garc\u00eda, miembro de la Comisi\u00f3n Pol\u00edtica del sindicato, confirm\u00f3 a The Associated Press que tres personas que apoyaban las protestas perdieron la vida, aunque no ofreci\u00f3 m\u00e1s detalles. Por su parte, un funcionario estatal que pidi\u00f3 guardar el anonimato por no estar autorizado a hacer declaraciones, indic\u00f3 que falleci\u00f3 un polic\u00eda del estado, dijo la agencia.<\/p>\n","protected":false},"excerpt":{"rendered":"<p>&nbsp; Miembros del ala m\u00e1s radical del sindicato de maestros, que llevan d\u00edas manifest\u00e1ndose en protesta por la detenci\u00f3n de algunos de sus l\u00edderes, protagonizaron el domingo fuertes choques en varias localidades del estado de Oaxaca. Hasta esta noche, disidentes reportaban seis muertos. Una fuente del Gobierno dijo que tambi\u00e9n un polic\u00eda muri\u00f3, reporta SinEmbargo. &hellip; <\/p>\n<p><a class=\"more-link btn\" href=\"https:\/\/lamendigapolitica.com\/?p=37539\">Seguir leyendo<\/a><\/p>\n","protected":false},"author":1,"featured_media":0,"comment_status":"open","ping_status":"closed","sticky":false,"template":"","format":"standard","meta":{"footnotes":""},"categories":[6,28,20,5,3,27],"tags":[],"class_list":["post-37539","post","type-post","status-publish","format-standard","hentry","category-congreso","category-educacion","category-gobierno","category-partidos","category-politica","category-seguridad","item-wrap"],"_links":{"self":[{"href":"https:\/\/lamendigapolitica.com\/index.php?rest_route=\/wp\/v2\/posts\/37539","targetHints":{"allow":["GET"]}}],"collection":[{"href":"https:\/\/lamendigapolitica.com\/index.php?rest_route=\/wp\/v2\/posts"}],"about":[{"href":"https:\/\/lamendigapolitica.com\/index.php?rest_route=\/wp\/v2\/types\/post"}],"author":[{"embeddable":true,"href":"https:\/\/lamendigapolitica.com\/index.php?rest_route=\/wp\/v2\/users\/1"}],"replies":[{"embeddable":true,"href":"https:\/\/lamendigapolitica.com\/index.php?rest_route=%2Fwp%2Fv2%2Fcomments&post=37539"}],"version-history":[{"count":1,"href":"https:\/\/lamendigapolitica.com\/index.php?rest_route=\/wp\/v2\/posts\/37539\/revisions"}],"predecessor-version":[{"id":37541,"href":"https:\/\/lamendigapolitica.com\/index.php?rest_route=\/wp\/v2\/posts\/37539\/revisions\/37541"}],"wp:attachment":[{"href":"https:\/\/lamendigapolitica.com\/index.php?rest_route=%2Fwp%2Fv2%2Fmedia&parent=37539"}],"wp:term":[{"taxonomy":"category","embeddable":true,"href":"https:\/\/lamendigapolitica.com\/index.php?rest_route=%2Fwp%2Fv2%2Fcategories&post=37539"},{"taxonomy":"post_tag","embeddable":true,"href":"https:\/\/lamendigapolitica.com\/index.php?rest_route=%2Fwp%2Fv2%2Ftags&post=37539"}],"curies":[{"name":"wp","href":"https:\/\/api.w.org\/{rel}","templated":true}]}}