{"id":37524,"date":"2016-06-19T12:17:06","date_gmt":"2016-06-19T17:17:06","guid":{"rendered":"http:\/\/lamendigapolitica.com\/blog\/?p=37524"},"modified":"2016-06-19T12:17:06","modified_gmt":"2016-06-19T17:17:06","slug":"el-presidente-pena-nieto-hace-homenaje-a-su-padre","status":"publish","type":"post","link":"https:\/\/lamendigapolitica.com\/?p=37524","title":{"rendered":"El presidente Pe\u00f1a Nieto hace homenaje a su padre"},"content":{"rendered":"<p><a href=\"https:\/\/lamendigapolitica.com\/blog\/blog\/?attachment_id=37525\" rel=\"attachment wp-att-37525\"><img loading=\"lazy\" decoding=\"async\" class=\"aligncenter size-full wp-image-37525\" src=\"https:\/\/lamendigapolitica.com\/blog\/blog\/wp-content\/uploads\/2016\/06\/pe\u00f1a-papa.jpg\" alt=\"pe\u00f1a papa\" width=\"259\" height=\"195\" \/><\/a><\/p>\n<p>&nbsp;<\/p>\n<p>Con motivo del D\u00eda del Padre, el presidente Enrique Pe\u00f1a Nieto record\u00f3 a su padre, Gilberto Enrique Pe\u00f1a del Mazo.<\/p>\n<p>&nbsp;<\/p>\n<p>A trav\u00e9s de su cuenta de Twitter, el mandatario escribi\u00f3 un emotivo mensaje en memoria de su padre y poste\u00f3 una fotograf\u00eda donde aparecen juntos.<\/p>\n<p>&nbsp;<\/p>\n<p>\u201cPap\u00e1, gracias por tanto. Te abrazo con el coraz\u00f3n donde quiera que est\u00e9s\u201d, escribi\u00f3 el presidente Pe\u00f1a Nieto.<\/p>\n","protected":false},"excerpt":{"rendered":"<p>&nbsp; Con motivo del D\u00eda del Padre, el presidente Enrique Pe\u00f1a Nieto record\u00f3 a su padre, Gilberto Enrique Pe\u00f1a del Mazo. &nbsp; A trav\u00e9s de su cuenta de Twitter, el mandatario escribi\u00f3 un emotivo mensaje en memoria de su padre y poste\u00f3 una fotograf\u00eda donde aparecen juntos. &nbsp; \u201cPap\u00e1, gracias por tanto. Te abrazo con &hellip; <\/p>\n<p><a class=\"more-link btn\" href=\"https:\/\/lamendigapolitica.com\/?p=37524\">Seguir leyendo<\/a><\/p>\n","protected":false},"author":1,"featured_media":0,"comment_status":"open","ping_status":"closed","sticky":false,"template":"","format":"standard","meta":{"footnotes":""},"categories":[20,5,3,22],"tags":[],"class_list":["post-37524","post","type-post","status-publish","format-standard","hentry","category-gobierno","category-partidos","category-politica","category-sociales","item-wrap"],"_links":{"self":[{"href":"https:\/\/lamendigapolitica.com\/index.php?rest_route=\/wp\/v2\/posts\/37524","targetHints":{"allow":["GET"]}}],"collection":[{"href":"https:\/\/lamendigapolitica.com\/index.php?rest_route=\/wp\/v2\/posts"}],"about":[{"href":"https:\/\/lamendigapolitica.com\/index.php?rest_route=\/wp\/v2\/types\/post"}],"author":[{"embeddable":true,"href":"https:\/\/lamendigapolitica.com\/index.php?rest_route=\/wp\/v2\/users\/1"}],"replies":[{"embeddable":true,"href":"https:\/\/lamendigapolitica.com\/index.php?rest_route=%2Fwp%2Fv2%2Fcomments&post=37524"}],"version-history":[{"count":1,"href":"https:\/\/lamendigapolitica.com\/index.php?rest_route=\/wp\/v2\/posts\/37524\/revisions"}],"predecessor-version":[{"id":37526,"href":"https:\/\/lamendigapolitica.com\/index.php?rest_route=\/wp\/v2\/posts\/37524\/revisions\/37526"}],"wp:attachment":[{"href":"https:\/\/lamendigapolitica.com\/index.php?rest_route=%2Fwp%2Fv2%2Fmedia&parent=37524"}],"wp:term":[{"taxonomy":"category","embeddable":true,"href":"https:\/\/lamendigapolitica.com\/index.php?rest_route=%2Fwp%2Fv2%2Fcategories&post=37524"},{"taxonomy":"post_tag","embeddable":true,"href":"https:\/\/lamendigapolitica.com\/index.php?rest_route=%2Fwp%2Fv2%2Ftags&post=37524"}],"curies":[{"name":"wp","href":"https:\/\/api.w.org\/{rel}","templated":true}]}}