{"id":37519,"date":"2016-06-19T10:25:21","date_gmt":"2016-06-19T15:25:21","guid":{"rendered":"http:\/\/lamendigapolitica.com\/blog\/?p=37519"},"modified":"2016-06-19T10:25:21","modified_gmt":"2016-06-19T15:25:21","slug":"calentamiento-global-causara-muertes-al-ano-a-partir-de-2030","status":"publish","type":"post","link":"https:\/\/lamendigapolitica.com\/?p=37519","title":{"rendered":"Calentamiento global causar\u00e1 muertes al a\u00f1o a partir de 2030"},"content":{"rendered":"<p><a href=\"https:\/\/lamendigapolitica.com\/blog\/blog\/?attachment_id=37520\" rel=\"attachment wp-att-37520\"><img loading=\"lazy\" decoding=\"async\" class=\"aligncenter size-full wp-image-37520\" src=\"https:\/\/lamendigapolitica.com\/blog\/blog\/wp-content\/uploads\/2016\/06\/calentamiento.jpg\" alt=\"calentamiento\" width=\"299\" height=\"168\" \/><\/a><\/p>\n<p>&nbsp;<\/p>\n<p>Las consecuencias del cambio clim\u00e1tico, como el aumento de las olas de calor o el empeoramiento de la contaminaci\u00f3n atmosf\u00e9rica, causar\u00e1n 250 mil muertes prematuras al a\u00f1o a partir de 2030, seg\u00fan las estimaciones de un estudio del Observatorio de Salud y Medio Ambiente DKV Ecod\u00e9s. El informe \u201cCambio clim\u00e1tico y salud, actuando frente al cambio clim\u00e1tico para mejorar la salud de las personas y del planeta\u201d, presentado en Madrid, hace un compendio de la literatura cient\u00edfica y los documentos de organizaciones internacionales en esta materia, publica hoy 24 Horas.<\/p>\n<p>&nbsp;<\/p>\n<p>Su conclusi\u00f3n es que s\u00f3lo el empeoramiento de cuatro situaciones que afectan a la salud p\u00fablica -eventos meteorol\u00f3gicos extremos, calidad del aire, seguridad alimentaria y enfermedades infecciosas- incrementar\u00e1 las muertes prematuras en 250 mil personas al a\u00f1o a partir de 2030, seg\u00fan datos de la Organizaci\u00f3n Mundial de la Salud (OMS).<\/p>\n<p>&nbsp;<\/p>\n<p>En cuanto a eventos meteorol\u00f3gicos extremos, el estudio pone de manifiesto que se han triplicado desde 1960, y s\u00f3lo en 2015 hubo 32 grandes sequ\u00edas y 152 episodios de inundaciones agravados por el cambio clim\u00e1tico a nivel mundial. Adem\u00e1s, las olas de calor son m\u00e1s frecuentes e intensas, y s\u00f3lo en Espa\u00f1a causaron 13.000 muertes prematuras entre 2001 y 2009, seg\u00fan un estudio del Instituto de Salud Carlos III recogido por el Observatorio.<\/p>\n<p>&nbsp;<\/p>\n<p>\u201cComparando los datos de las olas de calor y de fr\u00edo, resulta que la mortalidad diaria atribuible a las olas de fr\u00edo es superar a las de calor, pero hay menos d\u00edas de olas de fr\u00edo que de olas de calor, por lo que la mortalidad total de calor es superior\u201d, ha matizado el autor del estudio, Jes\u00fas de la Osa. En total, el aumento de fen\u00f3menos meteorol\u00f3gicos extremos proyectado para 2030 podr\u00eda causar 60.000 muertes prematuras anuales.<\/p>\n","protected":false},"excerpt":{"rendered":"<p>&nbsp; Las consecuencias del cambio clim\u00e1tico, como el aumento de las olas de calor o el empeoramiento de la contaminaci\u00f3n atmosf\u00e9rica, causar\u00e1n 250 mil muertes prematuras al a\u00f1o a partir de 2030, seg\u00fan las estimaciones de un estudio del Observatorio de Salud y Medio Ambiente DKV Ecod\u00e9s. El informe \u201cCambio clim\u00e1tico y salud, actuando frente &hellip; <\/p>\n<p><a class=\"more-link btn\" href=\"https:\/\/lamendigapolitica.com\/?p=37519\">Seguir leyendo<\/a><\/p>\n","protected":false},"author":1,"featured_media":0,"comment_status":"open","ping_status":"closed","sticky":false,"template":"","format":"standard","meta":{"footnotes":""},"categories":[6,20],"tags":[],"class_list":["post-37519","post","type-post","status-publish","format-standard","hentry","category-congreso","category-gobierno","item-wrap"],"_links":{"self":[{"href":"https:\/\/lamendigapolitica.com\/index.php?rest_route=\/wp\/v2\/posts\/37519","targetHints":{"allow":["GET"]}}],"collection":[{"href":"https:\/\/lamendigapolitica.com\/index.php?rest_route=\/wp\/v2\/posts"}],"about":[{"href":"https:\/\/lamendigapolitica.com\/index.php?rest_route=\/wp\/v2\/types\/post"}],"author":[{"embeddable":true,"href":"https:\/\/lamendigapolitica.com\/index.php?rest_route=\/wp\/v2\/users\/1"}],"replies":[{"embeddable":true,"href":"https:\/\/lamendigapolitica.com\/index.php?rest_route=%2Fwp%2Fv2%2Fcomments&post=37519"}],"version-history":[{"count":1,"href":"https:\/\/lamendigapolitica.com\/index.php?rest_route=\/wp\/v2\/posts\/37519\/revisions"}],"predecessor-version":[{"id":37521,"href":"https:\/\/lamendigapolitica.com\/index.php?rest_route=\/wp\/v2\/posts\/37519\/revisions\/37521"}],"wp:attachment":[{"href":"https:\/\/lamendigapolitica.com\/index.php?rest_route=%2Fwp%2Fv2%2Fmedia&parent=37519"}],"wp:term":[{"taxonomy":"category","embeddable":true,"href":"https:\/\/lamendigapolitica.com\/index.php?rest_route=%2Fwp%2Fv2%2Fcategories&post=37519"},{"taxonomy":"post_tag","embeddable":true,"href":"https:\/\/lamendigapolitica.com\/index.php?rest_route=%2Fwp%2Fv2%2Ftags&post=37519"}],"curies":[{"name":"wp","href":"https:\/\/api.w.org\/{rel}","templated":true}]}}