{"id":37499,"date":"2016-06-18T15:02:44","date_gmt":"2016-06-18T20:02:44","guid":{"rendered":"http:\/\/lamendigapolitica.com\/blog\/?p=37499"},"modified":"2016-06-18T15:02:44","modified_gmt":"2016-06-18T20:02:44","slug":"proxima-semana-scjn-debatira-sobre-el-aborto-2","status":"publish","type":"post","link":"https:\/\/lamendigapolitica.com\/?p=37499","title":{"rendered":"Pr\u00f3xima semana SCJN debatir\u00e1 sobre el aborto"},"content":{"rendered":"<p><a href=\"https:\/\/lamendigapolitica.com\/blog\/blog\/?attachment_id=37500\" rel=\"attachment wp-att-37500\"><img loading=\"lazy\" decoding=\"async\" class=\"aligncenter size-full wp-image-37500\" src=\"https:\/\/lamendigapolitica.com\/blog\/blog\/wp-content\/uploads\/2016\/06\/aborto.jpg\" alt=\"aborto\" width=\"318\" height=\"159\" srcset=\"https:\/\/lamendigapolitica.com\/wp-content\/uploads\/2016\/06\/aborto.jpg 318w, https:\/\/lamendigapolitica.com\/wp-content\/uploads\/2016\/06\/aborto-300x150.jpg 300w\" sizes=\"auto, (max-width: 318px) 100vw, 318px\" \/><\/a><\/p>\n<p>&nbsp;<\/p>\n<p>La Suprema Corte de Justicia de la Naci\u00f3n (SCJN) de M\u00e9xico debatir\u00e1 la pr\u00f3xima semana un proyecto en el que declara inconstitucional la prohibici\u00f3n total del aborto, \u201cporque anula de manera absoluta los derechos de las mujeres\u201d, informa hoy 24 Horas.<\/p>\n<p>El proyecto fue elaborado por el magistrado Arturo Zald\u00edvar en respuesta al amparo interpuesto por una mujer a la que se le neg\u00f3 el aborto a pesar de que su embarazo era considerado \u201cde alto riesgo\u201d, y ser\u00e1 discutido en la Primera Sala previsiblemente el 29 de junio.<\/p>\n<p>&nbsp;<\/p>\n<p>Las normas y actos que limitan o regulan el ejercicio de la decisi\u00f3n de la mujer a practicarse un aborto afectan \u201cal menos \u2018prima facie\u2019 (a primera vista)\u201d el derecho a la salud sexual y reproductiva y el derecho al libre desarrollo de la personalidad, se\u00f1ala el documento.<\/p>\n<p>&nbsp;<\/p>\n<p>La prohibici\u00f3n puede llevar a que las mujeres, especialmente aquellas que se encuentran en situaciones de marginalidad y pobreza, acudan a centros sin las garant\u00edas correspondientes, \u201carriesgando su salud y hasta su vida\u201d.<\/p>\n<p>&nbsp;<\/p>\n<p>\u201cLas consecuencias derivadas de las prohibiciones al aborto, tales como muertes evitables, la imposibilidad de volverse a embarazar o da\u00f1os psicol\u00f3gicos permanentes, constituyen afectaciones \u2018prima facie\u2019 al derecho a la salud en este aspecto\u201d, defiende el texto.<\/p>\n<p>&nbsp;<\/p>\n<p>Adem\u00e1s, la prohibici\u00f3n viola el derecho al libre desarrollo de la personalidad, \u201cpues incide en el plan de vida que las mujeres desean realizar\u201d.<\/p>\n","protected":false},"excerpt":{"rendered":"<p>&nbsp; La Suprema Corte de Justicia de la Naci\u00f3n (SCJN) de M\u00e9xico debatir\u00e1 la pr\u00f3xima semana un proyecto en el que declara inconstitucional la prohibici\u00f3n total del aborto, \u201cporque anula de manera absoluta los derechos de las mujeres\u201d, informa hoy 24 Horas. El proyecto fue elaborado por el magistrado Arturo Zald\u00edvar en respuesta al amparo &hellip; <\/p>\n<p><a class=\"more-link btn\" href=\"https:\/\/lamendigapolitica.com\/?p=37499\">Seguir leyendo<\/a><\/p>\n","protected":false},"author":1,"featured_media":0,"comment_status":"open","ping_status":"closed","sticky":false,"template":"","format":"standard","meta":{"footnotes":""},"categories":[6,20,5,3,29],"tags":[],"class_list":["post-37499","post","type-post","status-publish","format-standard","hentry","category-congreso","category-gobierno","category-partidos","category-politica","category-salud","item-wrap"],"_links":{"self":[{"href":"https:\/\/lamendigapolitica.com\/index.php?rest_route=\/wp\/v2\/posts\/37499","targetHints":{"allow":["GET"]}}],"collection":[{"href":"https:\/\/lamendigapolitica.com\/index.php?rest_route=\/wp\/v2\/posts"}],"about":[{"href":"https:\/\/lamendigapolitica.com\/index.php?rest_route=\/wp\/v2\/types\/post"}],"author":[{"embeddable":true,"href":"https:\/\/lamendigapolitica.com\/index.php?rest_route=\/wp\/v2\/users\/1"}],"replies":[{"embeddable":true,"href":"https:\/\/lamendigapolitica.com\/index.php?rest_route=%2Fwp%2Fv2%2Fcomments&post=37499"}],"version-history":[{"count":1,"href":"https:\/\/lamendigapolitica.com\/index.php?rest_route=\/wp\/v2\/posts\/37499\/revisions"}],"predecessor-version":[{"id":37501,"href":"https:\/\/lamendigapolitica.com\/index.php?rest_route=\/wp\/v2\/posts\/37499\/revisions\/37501"}],"wp:attachment":[{"href":"https:\/\/lamendigapolitica.com\/index.php?rest_route=%2Fwp%2Fv2%2Fmedia&parent=37499"}],"wp:term":[{"taxonomy":"category","embeddable":true,"href":"https:\/\/lamendigapolitica.com\/index.php?rest_route=%2Fwp%2Fv2%2Fcategories&post=37499"},{"taxonomy":"post_tag","embeddable":true,"href":"https:\/\/lamendigapolitica.com\/index.php?rest_route=%2Fwp%2Fv2%2Ftags&post=37499"}],"curies":[{"name":"wp","href":"https:\/\/api.w.org\/{rel}","templated":true}]}}