{"id":29312,"date":"2015-09-13T13:38:39","date_gmt":"2015-09-13T18:38:39","guid":{"rendered":"http:\/\/lamendigapolitica.com\/blog\/?p=29312"},"modified":"2015-09-13T13:38:39","modified_gmt":"2015-09-13T18:38:39","slug":"tribunal-modifica-asignacion-de-diputados-guerrero","status":"publish","type":"post","link":"https:\/\/lamendigapolitica.com\/?p=29312","title":{"rendered":"Tribunal modifica asignaci\u00f3n de diputados Guerrero"},"content":{"rendered":"<p><a href=\"https:\/\/lamendigapolitica.com\/blog\/blog\/wp-content\/uploads\/2015\/09\/gierrero.jpg\"><img loading=\"lazy\" decoding=\"async\" src=\"https:\/\/lamendigapolitica.com\/blog\/blog\/wp-content\/uploads\/2015\/09\/gierrero.jpg\" alt=\"gierrero\" width=\"300\" height=\"168\" class=\"aligncenter size-full wp-image-29313\" \/><\/a><\/p>\n<p>La Sala Superior del TEPJF modific\u00f3 la asignaci\u00f3n de diputados por el principio de representaci\u00f3n proporcional en el Congreso de Guerrero, al considerar que no se cumplieron los l\u00edmites de subrepresentaci\u00f3n y sobrerrepresentaci\u00f3n establecidas en la ley.<\/p>\n<p>Por ello, el pleno del Tribunal Electoral del Poder Judicial de la Federaci\u00f3n (TEPJF) determin\u00f3 retirar un diputado al Partido Verde Ecologista de M\u00e9xico (PVEM) y asignarlo a Movimiento Ciudadano (MC). Al resolver el SUP-REC-677\/2015 y acumulados, el pleno estableci\u00f3 que con esta asignaci\u00f3n se garantiza el equilibrio entre los l\u00edmites de subrepresentaci\u00f3n y sobrerrepresentaci\u00f3n en el Congreso de Guerrero.<\/p>\n<p>En otro asunto, SUP-REC-0635-2015, el pleno confirm\u00f3 la declaraci\u00f3n de validez de la elecci\u00f3n del Ayuntamiento de Agua Prieta, Sonora, as\u00ed como la entrega de la constancia de mayor\u00eda, a favor de la f\u00f3rmula postulada por el Partido Acci\u00f3n Nacional (PAN). Al respecto, el magistrado Flavio Galv\u00e1n Rivera destac\u00f3 que la Sala Superior atendi\u00f3 los recursos con base en los plazos establecidos en la ley para resolver los medios de impugnaci\u00f3n que se le presentaron.<\/p>\n<p>En ese sentido, el magistrado presidente de la Sala Superior, Constancio Carrasco Daza, reiter\u00f3 que al emitir las resoluciones en los plazos previstos en la ley, se garantiza el acceso a la justicia como lo establece el art\u00edculo 25 de la Convenci\u00f3n Americana de los Derechos Humanos, que forma parte del bloque de constitucionalidad, y en el cual se indica que todos tienen derecho a la tutela judicial efectiva.<\/p>\n","protected":false},"excerpt":{"rendered":"<p>La Sala Superior del TEPJF modific\u00f3 la asignaci\u00f3n de diputados por el principio de representaci\u00f3n proporcional en el Congreso de Guerrero, al considerar que no se cumplieron los l\u00edmites de subrepresentaci\u00f3n y sobrerrepresentaci\u00f3n establecidas en la ley. Por ello, el pleno del Tribunal Electoral del Poder Judicial de la Federaci\u00f3n (TEPJF) determin\u00f3 retirar un diputado &hellip; <\/p>\n<p><a class=\"more-link btn\" href=\"https:\/\/lamendigapolitica.com\/?p=29312\">Seguir leyendo<\/a><\/p>\n","protected":false},"author":1,"featured_media":0,"comment_status":"open","ping_status":"closed","sticky":false,"template":"","format":"standard","meta":{"footnotes":""},"categories":[6,20],"tags":[],"class_list":["post-29312","post","type-post","status-publish","format-standard","hentry","category-congreso","category-gobierno","item-wrap"],"_links":{"self":[{"href":"https:\/\/lamendigapolitica.com\/index.php?rest_route=\/wp\/v2\/posts\/29312","targetHints":{"allow":["GET"]}}],"collection":[{"href":"https:\/\/lamendigapolitica.com\/index.php?rest_route=\/wp\/v2\/posts"}],"about":[{"href":"https:\/\/lamendigapolitica.com\/index.php?rest_route=\/wp\/v2\/types\/post"}],"author":[{"embeddable":true,"href":"https:\/\/lamendigapolitica.com\/index.php?rest_route=\/wp\/v2\/users\/1"}],"replies":[{"embeddable":true,"href":"https:\/\/lamendigapolitica.com\/index.php?rest_route=%2Fwp%2Fv2%2Fcomments&post=29312"}],"version-history":[{"count":1,"href":"https:\/\/lamendigapolitica.com\/index.php?rest_route=\/wp\/v2\/posts\/29312\/revisions"}],"predecessor-version":[{"id":29314,"href":"https:\/\/lamendigapolitica.com\/index.php?rest_route=\/wp\/v2\/posts\/29312\/revisions\/29314"}],"wp:attachment":[{"href":"https:\/\/lamendigapolitica.com\/index.php?rest_route=%2Fwp%2Fv2%2Fmedia&parent=29312"}],"wp:term":[{"taxonomy":"category","embeddable":true,"href":"https:\/\/lamendigapolitica.com\/index.php?rest_route=%2Fwp%2Fv2%2Fcategories&post=29312"},{"taxonomy":"post_tag","embeddable":true,"href":"https:\/\/lamendigapolitica.com\/index.php?rest_route=%2Fwp%2Fv2%2Ftags&post=29312"}],"curies":[{"name":"wp","href":"https:\/\/api.w.org\/{rel}","templated":true}]}}