{"id":29303,"date":"2015-09-13T13:29:40","date_gmt":"2015-09-13T18:29:40","guid":{"rendered":"http:\/\/lamendigapolitica.com\/blog\/?p=29303"},"modified":"2015-09-13T13:29:40","modified_gmt":"2015-09-13T18:29:40","slug":"menos-presupuesto-para-seguridad-social","status":"publish","type":"post","link":"https:\/\/lamendigapolitica.com\/?p=29303","title":{"rendered":"Menos presupuesto para seguridad social"},"content":{"rendered":"<p><a href=\"https:\/\/lamendigapolitica.com\/blog\/blog\/wp-content\/uploads\/2015\/09\/juces-y-dip.jpg\"><img loading=\"lazy\" decoding=\"async\" src=\"https:\/\/lamendigapolitica.com\/blog\/blog\/wp-content\/uploads\/2015\/09\/juces-y-dip.jpg\" alt=\"juces y dip\" width=\"240\" height=\"159\" class=\"aligncenter size-full wp-image-29304\" \/><\/a><\/p>\n<p>En lugar de reducirse, el gasto corriente \u2013que incluye lo relacionado con operaci\u00f3n y pago de salarios\u2013 de los poderes Judicial y Legislativo, as\u00ed como de cinco organismos aut\u00f3nomos, aumentar\u00e1 el pr\u00f3ximo a\u00f1o en 9 y 11.2 por ciento, respectivamente, indica un an\u00e1lisis del Centro de Investigaci\u00f3n en Econom\u00eda y Negocios (CIEN) del Tecnol\u00f3gico de Monterrey sobre la propuesta de Presupuesto de Egresos de la Federaci\u00f3n (PEF), publica hoy La Jornada.<\/p>\n<p>En cambio, el gasto destinado a inversi\u00f3n por los tres poderes, organismos aut\u00f3nomos, empresas productivas, entre otros rubros y entidades, tendr\u00e1 un recorte de 18.5 por ciento, es decir, 162 mil 180.7 millones de pesos, de los cuales 49.2 por ciento corresponden a Pemex y la Comisi\u00f3n Federal de Electricidad (CFE). Por s\u00ed sola, la Secretar\u00eda de Comunicaciones y Transportes (SCT), responsable de las obras de infraestructura, tendr\u00e1 un desplome de 22 por ciento en los recursos para inversi\u00f3n de 2016, lo que se traduce en 25 mil 587.4 millones de pesos menos a los de este a\u00f1o.<\/p>\n<p>A su vez, el Centro de Investigaci\u00f3n Econ\u00f3mica y Presupuestaria (CIEP), creado en 2010 por especialistas en finanzas p\u00fablicas, advirti\u00f3 que la deuda representar\u00e1 47.8 por ciento del PIB porque los saldos hist\u00f3ricos de los requerimientos financieros contin\u00faan en aumento. Consider\u00f3 que la seguridad social universal no es prioritaria en el paquete econ\u00f3mico 2016, ya que habr\u00e1 recortes de 14.3 por ciento en los recursos del IMSS e Issste y de 9.9 por ciento para el programa para los adultos mayores, adem\u00e1s de una reducci\u00f3n de 3.9 por ciento en educaci\u00f3n superior.<\/p>\n<p>El CIEP advirti\u00f3 que el presupuesto proyectado para 2016 dista de ser base cero, porque \u00fanicamente pudo modificarse lo administrado por el Poder Ejecutivo y se dejaron de lado reformas que reducir\u00edan las presiones al gasto. En los ingresos petroleros, destac\u00f3, habr\u00e1 una reducci\u00f3n de 30 por ciento, pero a\u00fan as\u00ed \u00e9stos representar\u00e1n la quinta parte (20.29 por ciento) del total de los ingresos. En los aumentos de gasto corriente, la lista en cuanto a monto es encabezada por el Poder Judicial con 9 mil 715 millones de pesos m\u00e1s que en 2015, es decir, un incremento de 19.4 por ciento y el Poder Legislativo con 809.2 millones de pesos o 6.4 por ciento m\u00e1s, precisa el CIEN.<\/p>\n<p>Lo solicitado para el Poder Judicial en gasto corriente equivale a 25 por ciento de la reducci\u00f3n por 39 mil 154 millones en el mismo rubro que la Secretar\u00eda de Hacienda plantea para 25 secretar\u00edas y dependencias del Poder Ejecutivo. En gasto para servicios personales del Poder Judicial el incremento ser\u00e1 de 15.9 por ciento o 7 mil 144 millones de pesos adicionales. Seg\u00fan los c\u00e1lculos del CIEN, en el Poder Legislativo y en cinco de seis organismos aut\u00f3nomos, el gasto corriente aumentar\u00e1 en proporciones que van de 5 a 21.4 por ciento y que en conjunto suman mil 268.6 millones de pesos adicionales para el a\u00f1o pr\u00f3ximo, pero ese monto representa apenas 11.5 por ciento respecto de 9 mil 715.5 millones de pesos que se piden para el Poder Judicial.<\/p>\n","protected":false},"excerpt":{"rendered":"<p>En lugar de reducirse, el gasto corriente \u2013que incluye lo relacionado con operaci\u00f3n y pago de salarios\u2013 de los poderes Judicial y Legislativo, as\u00ed como de cinco organismos aut\u00f3nomos, aumentar\u00e1 el pr\u00f3ximo a\u00f1o en 9 y 11.2 por ciento, respectivamente, indica un an\u00e1lisis del Centro de Investigaci\u00f3n en Econom\u00eda y Negocios (CIEN) del Tecnol\u00f3gico de &hellip; <\/p>\n<p><a class=\"more-link btn\" href=\"https:\/\/lamendigapolitica.com\/?p=29303\">Seguir leyendo<\/a><\/p>\n","protected":false},"author":1,"featured_media":0,"comment_status":"open","ping_status":"closed","sticky":false,"template":"","format":"standard","meta":{"footnotes":""},"categories":[20],"tags":[],"class_list":["post-29303","post","type-post","status-publish","format-standard","hentry","category-gobierno","item-wrap"],"_links":{"self":[{"href":"https:\/\/lamendigapolitica.com\/index.php?rest_route=\/wp\/v2\/posts\/29303","targetHints":{"allow":["GET"]}}],"collection":[{"href":"https:\/\/lamendigapolitica.com\/index.php?rest_route=\/wp\/v2\/posts"}],"about":[{"href":"https:\/\/lamendigapolitica.com\/index.php?rest_route=\/wp\/v2\/types\/post"}],"author":[{"embeddable":true,"href":"https:\/\/lamendigapolitica.com\/index.php?rest_route=\/wp\/v2\/users\/1"}],"replies":[{"embeddable":true,"href":"https:\/\/lamendigapolitica.com\/index.php?rest_route=%2Fwp%2Fv2%2Fcomments&post=29303"}],"version-history":[{"count":1,"href":"https:\/\/lamendigapolitica.com\/index.php?rest_route=\/wp\/v2\/posts\/29303\/revisions"}],"predecessor-version":[{"id":29305,"href":"https:\/\/lamendigapolitica.com\/index.php?rest_route=\/wp\/v2\/posts\/29303\/revisions\/29305"}],"wp:attachment":[{"href":"https:\/\/lamendigapolitica.com\/index.php?rest_route=%2Fwp%2Fv2%2Fmedia&parent=29303"}],"wp:term":[{"taxonomy":"category","embeddable":true,"href":"https:\/\/lamendigapolitica.com\/index.php?rest_route=%2Fwp%2Fv2%2Fcategories&post=29303"},{"taxonomy":"post_tag","embeddable":true,"href":"https:\/\/lamendigapolitica.com\/index.php?rest_route=%2Fwp%2Fv2%2Ftags&post=29303"}],"curies":[{"name":"wp","href":"https:\/\/api.w.org\/{rel}","templated":true}]}}