{"id":29281,"date":"2015-09-11T12:37:07","date_gmt":"2015-09-11T17:37:07","guid":{"rendered":"http:\/\/lamendigapolitica.com\/blog\/?p=29281"},"modified":"2015-09-11T12:37:07","modified_gmt":"2015-09-11T17:37:07","slug":"obama-guarda-un-minuto-de-silencio-por-victimas-del-11-s","status":"publish","type":"post","link":"https:\/\/lamendigapolitica.com\/?p=29281","title":{"rendered":"Obama guarda un minuto de silencio por v\u00edctimas del 11-S"},"content":{"rendered":"<p><a href=\"https:\/\/lamendigapolitica.com\/blog\/blog\/wp-content\/uploads\/2015\/09\/obam.jpg\"><img loading=\"lazy\" decoding=\"async\" src=\"https:\/\/lamendigapolitica.com\/blog\/blog\/wp-content\/uploads\/2015\/09\/obam.jpg\" alt=\"obam\" width=\"240\" height=\"169\" class=\"aligncenter size-full wp-image-29282\" \/><\/a><\/p>\n<p>Las campanas fueron ta\u00f1idas el viernes mientras la ciudad de Nueva York observaba un minuto de silencio para recordar el momento en que un primer avi\u00f3n secuestrado se estrell\u00f3 contra la torre norte del World Trade Center hace 14 a\u00f1os. Las familias de las v\u00edctimas de los ataques al World Trade Center, de 2001 y 1993, comenzaron a leer los nombres de las v\u00edctimas en la llamada Zona Cero.<\/p>\n<p>El presidente Barack Obama y la primera dama Michelle Obama salieron de la Casa Blanca a las 8:46 am para observar un minuto de silencio. Est\u00e1 previsto que Obama visite posteriormente Fort Meade, Maryland, en reconocimiento por el trabajo del ej\u00e9rcito para proteger al pa\u00eds. Nereida Valle llevaba una foto de su hija, Nereida DeJesus, quien ten\u00eda 31 a\u00f1os de edad cuando trabajaba para la firma Aon y muri\u00f3 en el piso 98 de la torre sur.<\/p>\n<p>Presente en la zona cero, la madre declar\u00f3: \u201cYo la siento a ella cada d\u00eda\u00bb. Tras a\u00f1os de ceremonias privadas, el aniversario de los atentados en la zona cero tambi\u00e9n se ha convertido en una ocasi\u00f3n para que el p\u00fablico general recuerde y reflexione en el lugar del suceso.<\/p>\n<p>Se estima que 20 mil personas acudieron el a\u00f1o pasado a la plaza monumental en la tarde del 11 de septiembre, el primer a\u00f1o en que se permiti\u00f3 al p\u00fablico visitar el lugar en el aniversario. La plaza esta vez abri\u00f3 tres horas antes tras la ceremonia del 14to aniversario, en la que las familias de las v\u00edctimas se re\u00fanen en lo que se ha convertido en una tradici\u00f3n de ta\u00f1ido de campanas, conmovedores momentos de silencio y lectura de los nombres de las casi 3 mil personas que murieron en los atentados terroristas.<\/p>\n<p>Cuando abrimos, fue como si entrara la vida\u00bb, dijo esta semana el presidente del Monumento y Museo Nacional 11 de Septiembre, Joe Daniels. Aunque el lugar seguir\u00e1n estando reservado a familiares de las v\u00edctimas y otros invitados durante la ceremonia de la ma\u00f1ana, despu\u00e9s \u00abdebe permitirse que el p\u00fablico general que quiera venir y presentar sus respetos en esta tierra sagrada acceda tan pronto como sea posible\u00bb.<\/p>\n","protected":false},"excerpt":{"rendered":"<p>Las campanas fueron ta\u00f1idas el viernes mientras la ciudad de Nueva York observaba un minuto de silencio para recordar el momento en que un primer avi\u00f3n secuestrado se estrell\u00f3 contra la torre norte del World Trade Center hace 14 a\u00f1os. Las familias de las v\u00edctimas de los ataques al World Trade Center, de 2001 y &hellip; <\/p>\n<p><a class=\"more-link btn\" href=\"https:\/\/lamendigapolitica.com\/?p=29281\">Seguir leyendo<\/a><\/p>\n","protected":false},"author":1,"featured_media":0,"comment_status":"open","ping_status":"closed","sticky":false,"template":"","format":"standard","meta":{"footnotes":""},"categories":[20],"tags":[],"class_list":["post-29281","post","type-post","status-publish","format-standard","hentry","category-gobierno","item-wrap"],"_links":{"self":[{"href":"https:\/\/lamendigapolitica.com\/index.php?rest_route=\/wp\/v2\/posts\/29281","targetHints":{"allow":["GET"]}}],"collection":[{"href":"https:\/\/lamendigapolitica.com\/index.php?rest_route=\/wp\/v2\/posts"}],"about":[{"href":"https:\/\/lamendigapolitica.com\/index.php?rest_route=\/wp\/v2\/types\/post"}],"author":[{"embeddable":true,"href":"https:\/\/lamendigapolitica.com\/index.php?rest_route=\/wp\/v2\/users\/1"}],"replies":[{"embeddable":true,"href":"https:\/\/lamendigapolitica.com\/index.php?rest_route=%2Fwp%2Fv2%2Fcomments&post=29281"}],"version-history":[{"count":1,"href":"https:\/\/lamendigapolitica.com\/index.php?rest_route=\/wp\/v2\/posts\/29281\/revisions"}],"predecessor-version":[{"id":29283,"href":"https:\/\/lamendigapolitica.com\/index.php?rest_route=\/wp\/v2\/posts\/29281\/revisions\/29283"}],"wp:attachment":[{"href":"https:\/\/lamendigapolitica.com\/index.php?rest_route=%2Fwp%2Fv2%2Fmedia&parent=29281"}],"wp:term":[{"taxonomy":"category","embeddable":true,"href":"https:\/\/lamendigapolitica.com\/index.php?rest_route=%2Fwp%2Fv2%2Fcategories&post=29281"},{"taxonomy":"post_tag","embeddable":true,"href":"https:\/\/lamendigapolitica.com\/index.php?rest_route=%2Fwp%2Fv2%2Ftags&post=29281"}],"curies":[{"name":"wp","href":"https:\/\/api.w.org\/{rel}","templated":true}]}}