{"id":29278,"date":"2015-09-11T12:36:16","date_gmt":"2015-09-11T17:36:16","guid":{"rendered":"http:\/\/lamendigapolitica.com\/blog\/?p=29278"},"modified":"2015-09-11T12:36:16","modified_gmt":"2015-09-11T17:36:16","slug":"cancelan-cena-en-palacio-nacional-solo-habra-ceremonia-oficial-del-grito","status":"publish","type":"post","link":"https:\/\/lamendigapolitica.com\/?p=29278","title":{"rendered":"Cancelan cena en Palacio Nacional; s\u00f3lo habr\u00e1 ceremonia oficial del grito"},"content":{"rendered":"<p><a href=\"https:\/\/lamendigapolitica.com\/blog\/blog\/wp-content\/uploads\/2015\/09\/grito.jpg\"><img loading=\"lazy\" decoding=\"async\" src=\"https:\/\/lamendigapolitica.com\/blog\/blog\/wp-content\/uploads\/2015\/09\/grito.jpg\" alt=\"grito\" width=\"275\" height=\"183\" class=\"aligncenter size-full wp-image-29279\" \/><\/a><\/p>\n<p>Este 15 de septiembre se cancelar\u00e1 la tradicional cena en Palacio Nacional, por lo que s\u00f3lo se realizar\u00e1 la ceremonia oficial del Grito de Independencia, revelaron funcionarios federales. De acuerdo con las fuentes consultadas, la decisi\u00f3n se debe a motivos de austeridad.<\/p>\n<p>Explicaron que se prev\u00e9 que la Presidencia de la Rep\u00fablica d\u00e9 hoy el anuncio oficial de la suspensi\u00f3n. Adem\u00e1s de la ceremonia del Grito, que encabezar\u00e1 el presidente Enrique Pe\u00f1a Nieto desde el balc\u00f3n central del Palacio Nacional, habr\u00e1 juegos pirot\u00e9cnicos y la animaci\u00f3n de grupos musicales en la Plaza de la Constituci\u00f3n. El mandatario estar\u00e1 acompa\u00f1ado por su familia, integrantes del gabinete y los representantes de los Poderes Judicial y Legislativo.<\/p>\n<p>A decir de los funcionarios, el mensaje que se pretende enviar es \u201cpredicar con el ejemplo en materia de austeridad\u201d, sobre todo en el marco de la reciente entrega del paquete econ\u00f3mico 2016, que incluye reducciones en diversos rubros de la administraci\u00f3n p\u00fablica. La cancelaci\u00f3n, insistieron las fuentes, tiene por objeto evitar un gasto que pudiera ser calificado de oneroso por los ciudadanos y que generar\u00eda cuestionamientos.<\/p>\n","protected":false},"excerpt":{"rendered":"<p>Este 15 de septiembre se cancelar\u00e1 la tradicional cena en Palacio Nacional, por lo que s\u00f3lo se realizar\u00e1 la ceremonia oficial del Grito de Independencia, revelaron funcionarios federales. De acuerdo con las fuentes consultadas, la decisi\u00f3n se debe a motivos de austeridad. Explicaron que se prev\u00e9 que la Presidencia de la Rep\u00fablica d\u00e9 hoy el &hellip; <\/p>\n<p><a class=\"more-link btn\" href=\"https:\/\/lamendigapolitica.com\/?p=29278\">Seguir leyendo<\/a><\/p>\n","protected":false},"author":1,"featured_media":0,"comment_status":"open","ping_status":"closed","sticky":false,"template":"","format":"standard","meta":{"footnotes":""},"categories":[20],"tags":[],"class_list":["post-29278","post","type-post","status-publish","format-standard","hentry","category-gobierno","item-wrap"],"_links":{"self":[{"href":"https:\/\/lamendigapolitica.com\/index.php?rest_route=\/wp\/v2\/posts\/29278","targetHints":{"allow":["GET"]}}],"collection":[{"href":"https:\/\/lamendigapolitica.com\/index.php?rest_route=\/wp\/v2\/posts"}],"about":[{"href":"https:\/\/lamendigapolitica.com\/index.php?rest_route=\/wp\/v2\/types\/post"}],"author":[{"embeddable":true,"href":"https:\/\/lamendigapolitica.com\/index.php?rest_route=\/wp\/v2\/users\/1"}],"replies":[{"embeddable":true,"href":"https:\/\/lamendigapolitica.com\/index.php?rest_route=%2Fwp%2Fv2%2Fcomments&post=29278"}],"version-history":[{"count":1,"href":"https:\/\/lamendigapolitica.com\/index.php?rest_route=\/wp\/v2\/posts\/29278\/revisions"}],"predecessor-version":[{"id":29280,"href":"https:\/\/lamendigapolitica.com\/index.php?rest_route=\/wp\/v2\/posts\/29278\/revisions\/29280"}],"wp:attachment":[{"href":"https:\/\/lamendigapolitica.com\/index.php?rest_route=%2Fwp%2Fv2%2Fmedia&parent=29278"}],"wp:term":[{"taxonomy":"category","embeddable":true,"href":"https:\/\/lamendigapolitica.com\/index.php?rest_route=%2Fwp%2Fv2%2Fcategories&post=29278"},{"taxonomy":"post_tag","embeddable":true,"href":"https:\/\/lamendigapolitica.com\/index.php?rest_route=%2Fwp%2Fv2%2Ftags&post=29278"}],"curies":[{"name":"wp","href":"https:\/\/api.w.org\/{rel}","templated":true}]}}