{"id":29272,"date":"2015-09-11T12:34:16","date_gmt":"2015-09-11T17:34:16","guid":{"rendered":"http:\/\/lamendigapolitica.com\/blog\/?p=29272"},"modified":"2015-09-11T12:34:16","modified_gmt":"2015-09-11T17:34:16","slug":"los-obispos-de-guerrero-exigen-la-verdad-en-iguala","status":"publish","type":"post","link":"https:\/\/lamendigapolitica.com\/?p=29272","title":{"rendered":"Los obispos de Guerrero exigen la verdad en Iguala"},"content":{"rendered":"<p><a href=\"https:\/\/lamendigapolitica.com\/blog\/blog\/wp-content\/uploads\/2015\/09\/iguala.jpg\"><img loading=\"lazy\" decoding=\"async\" src=\"https:\/\/lamendigapolitica.com\/blog\/blog\/wp-content\/uploads\/2015\/09\/iguala.jpg\" alt=\"iguala\" width=\"300\" height=\"168\" class=\"aligncenter size-full wp-image-29273\" \/><\/a><\/p>\n<p>Los cuatro obispos que integran la Provincia Eclesi\u00e1stica de Acapulco, en Guerrero, reclamaron conocer la verdad sobre la desaparici\u00f3n de los 43 normalistas de Ayotzinapa para, dijeron, exigir justicia por lo que les ocurri\u00f3 y lamentaron que las deficiencias halladas por el Grupo Interdisciplinario de Expertos Independientes de la Comisi\u00f3n Interamericana de Derechos Humanos (GIEI-CIDH) en este caso \u201cparecen repetirse en otros casos, como los 25 mil desaparecidos que hay en el pa\u00eds\u201d.<\/p>\n<p>\u201cLas deficiencias que han sido se\u00f1aladas en esta investigaci\u00f3n parecen repetirse en otros casos, como los 25 mil desaparecidos que hay en el pa\u00eds y que est\u00e1n a la espera de ser esclarecidos como condici\u00f3n para la justicia y para la reparaci\u00f3n del da\u00f1o. Este drama provoca dolor y rabia en las familias de todos ellos, que con justa raz\u00f3n exigen conocer la verdad sobre cada uno de sus casos. Esta es una herida nacional que tiene que ser atendida y curada, pues el pa\u00eds no se puede reconstruir sin verdad y justicia\u201d, dijeron los obispos mediante un pronunciamiento p\u00fablico.<\/p>\n<p>El Arzobispo de Acapulco, Carlos Garfias Merlos, y los obispos de Chilpancingo, Salvador Rangel Mendoza; de Tlapa, Dagoberto Sosa Arriaga y de Ciudad Altamirano, Maximino Mart\u00ednez Miranda, manifestaron que de cara al primer \u201caniversario de la de la tragedia de Iguala, la verdad de este caso es fundamental para avanzar hacia la reconciliaci\u00f3n, el progreso y la paz\u201d, porque de lo contrario, alertaron, se corre \u201cel riesgo de un crecimiento de las tensiones sociales\u201d.<\/p>\n<p>Manifestaron que las conclusiones del GIEI-CIDH sobre que los 43 j\u00f3venes no pudieron haber sido incinerados en el basurero de Cocula, como se\u00f1al\u00f3 en su momento la Procuradur\u00eda General de la Rep\u00fablica (PGR) al referirse a la \u201cverdad hist\u00f3rica\u201d, muestra que se debe continuar con su b\u00fasqueda. \u201cEsta conclusi\u00f3n del informe del GIEI, junto con las otras que le acompa\u00f1an, urge a una renovada exigencia de la verdad\u201d, dijeron.<\/p>\n","protected":false},"excerpt":{"rendered":"<p>Los cuatro obispos que integran la Provincia Eclesi\u00e1stica de Acapulco, en Guerrero, reclamaron conocer la verdad sobre la desaparici\u00f3n de los 43 normalistas de Ayotzinapa para, dijeron, exigir justicia por lo que les ocurri\u00f3 y lamentaron que las deficiencias halladas por el Grupo Interdisciplinario de Expertos Independientes de la Comisi\u00f3n Interamericana de Derechos Humanos (GIEI-CIDH) &hellip; <\/p>\n<p><a class=\"more-link btn\" href=\"https:\/\/lamendigapolitica.com\/?p=29272\">Seguir leyendo<\/a><\/p>\n","protected":false},"author":1,"featured_media":0,"comment_status":"open","ping_status":"closed","sticky":false,"template":"","format":"standard","meta":{"footnotes":""},"categories":[20,21,27],"tags":[],"class_list":["post-29272","post","type-post","status-publish","format-standard","hentry","category-gobierno","category-religion","category-seguridad","item-wrap"],"_links":{"self":[{"href":"https:\/\/lamendigapolitica.com\/index.php?rest_route=\/wp\/v2\/posts\/29272","targetHints":{"allow":["GET"]}}],"collection":[{"href":"https:\/\/lamendigapolitica.com\/index.php?rest_route=\/wp\/v2\/posts"}],"about":[{"href":"https:\/\/lamendigapolitica.com\/index.php?rest_route=\/wp\/v2\/types\/post"}],"author":[{"embeddable":true,"href":"https:\/\/lamendigapolitica.com\/index.php?rest_route=\/wp\/v2\/users\/1"}],"replies":[{"embeddable":true,"href":"https:\/\/lamendigapolitica.com\/index.php?rest_route=%2Fwp%2Fv2%2Fcomments&post=29272"}],"version-history":[{"count":1,"href":"https:\/\/lamendigapolitica.com\/index.php?rest_route=\/wp\/v2\/posts\/29272\/revisions"}],"predecessor-version":[{"id":29274,"href":"https:\/\/lamendigapolitica.com\/index.php?rest_route=\/wp\/v2\/posts\/29272\/revisions\/29274"}],"wp:attachment":[{"href":"https:\/\/lamendigapolitica.com\/index.php?rest_route=%2Fwp%2Fv2%2Fmedia&parent=29272"}],"wp:term":[{"taxonomy":"category","embeddable":true,"href":"https:\/\/lamendigapolitica.com\/index.php?rest_route=%2Fwp%2Fv2%2Fcategories&post=29272"},{"taxonomy":"post_tag","embeddable":true,"href":"https:\/\/lamendigapolitica.com\/index.php?rest_route=%2Fwp%2Fv2%2Ftags&post=29272"}],"curies":[{"name":"wp","href":"https:\/\/api.w.org\/{rel}","templated":true}]}}