{"id":29269,"date":"2015-09-11T12:32:54","date_gmt":"2015-09-11T17:32:54","guid":{"rendered":"http:\/\/lamendigapolitica.com\/blog\/?p=29269"},"modified":"2015-09-11T12:38:16","modified_gmt":"2015-09-11T17:38:16","slug":"quieren-nueva-secretaria-de-cultura-pero-recorta-presupuedto","status":"publish","type":"post","link":"https:\/\/lamendigapolitica.com\/?p=29269","title":{"rendered":"Quieren nueva Secretar\u00eda de Cultura, pero recorta presupuesto"},"content":{"rendered":"<p><a href=\"https:\/\/lamendigapolitica.com\/blog\/blog\/wp-content\/uploads\/2015\/09\/cultura.jpg\"><img loading=\"lazy\" decoding=\"async\" src=\"https:\/\/lamendigapolitica.com\/blog\/blog\/wp-content\/uploads\/2015\/09\/cultura.jpg\" alt=\"cultura\" width=\"259\" height=\"195\" class=\"aligncenter size-full wp-image-29270\" \/><\/a><\/p>\n<p>La nueva Secretar\u00eda de Cultura, propuesta por el Presidente Enrique Pe\u00f1a Nieto y cuya iniciativa ya se encuentra en la C\u00e1mara de Diputados, considera que todas las funciones del Consejo Nacional para la Cultura y las Artes (Conaculta) sean asumidas por la nueva dependencia, lo que significar\u00eda un recorte de m\u00e1s de dos mil millones de pesos para este sector.<\/p>\n<p>En el Proyecto de Presupuesto de Egresos de la Federaci\u00f3n 2016, se estima un gasto total de 5 mil 343 millones 612 mil 505 pesos para este organismos, es decir un mil 949 millones 129 mil un pesos menos que lo presupuestado en el a\u00f1o anterior. Sin embargo, con las nuevas atribuciones que tendr\u00eda la nueva Secretar\u00eda el recorte ser\u00eda de dos mil 159 millones 864 mil 070 pesos, pues en cuatro rubros dependientes \u2013de aprobarse el decreto\u2013 de la nueva Secretar\u00eda se registraron menos recursos.<\/p>\n<p>De acuerdo con el Anteproyecto de Decreto para crear la nueva secretar\u00eda, Conaculta absorber\u00eda el Instituto Nacional de Lenguas Ind\u00edgenas, el Instituto Nacional de Antropolog\u00eda e Historia (INAH), el Instituto Nacional de Bellas Artes y Literatura (INBA), el Instituto Nacional de Derecho de Autor y se a\u00f1adir\u00eda al \u00f3rgano administrativo desconcentrado denominado Radio Educaci\u00f3n.<\/p>\n<p>Para el 2015, Conaculta recibi\u00f3 7 mil 292 millones 741 mil 506 pesos que sumado a lo que recibieron los organismos que se a\u00f1adir\u00edan a la Secretar\u00eda de Cultura da un total de 14 mil 459 millones 620 mil 779 pesos, pues cada el monto de los rubros fue de 7 mil 166 millones 879 mil 273 pesos. En cambio para este a\u00f1o, la reducci\u00f3n prevista en el Proyecto de Egresos de tres de las cuatro instituciones y Radio Educaci\u00f3n es de 210 millones 735 mil 070 pesos, m\u00e1s los un mil 900 millones de recorte a Conaculta da un total de 2 mil 159 millones 864 mil 070 pesos.<\/p>\n<p>Destaca que en el documento entregado por el titular de la Secretar\u00eda de Hacienda y Cr\u00e9dito P\u00fablico (SHCP), Luis Videgaray Caso, la \u00fanica instituci\u00f3n que estim\u00f3 un incremento de presupuesto fue el INBA con 24 millones 504 mil 265 pesos m\u00e1s.<\/p>\n","protected":false},"excerpt":{"rendered":"<p>La nueva Secretar\u00eda de Cultura, propuesta por el Presidente Enrique Pe\u00f1a Nieto y cuya iniciativa ya se encuentra en la C\u00e1mara de Diputados, considera que todas las funciones del Consejo Nacional para la Cultura y las Artes (Conaculta) sean asumidas por la nueva dependencia, lo que significar\u00eda un recorte de m\u00e1s de dos mil millones &hellip; <\/p>\n<p><a class=\"more-link btn\" href=\"https:\/\/lamendigapolitica.com\/?p=29269\">Seguir leyendo<\/a><\/p>\n","protected":false},"author":1,"featured_media":0,"comment_status":"open","ping_status":"closed","sticky":false,"template":"","format":"standard","meta":{"footnotes":""},"categories":[26,20],"tags":[],"class_list":["post-29269","post","type-post","status-publish","format-standard","hentry","category-cultura","category-gobierno","item-wrap"],"_links":{"self":[{"href":"https:\/\/lamendigapolitica.com\/index.php?rest_route=\/wp\/v2\/posts\/29269","targetHints":{"allow":["GET"]}}],"collection":[{"href":"https:\/\/lamendigapolitica.com\/index.php?rest_route=\/wp\/v2\/posts"}],"about":[{"href":"https:\/\/lamendigapolitica.com\/index.php?rest_route=\/wp\/v2\/types\/post"}],"author":[{"embeddable":true,"href":"https:\/\/lamendigapolitica.com\/index.php?rest_route=\/wp\/v2\/users\/1"}],"replies":[{"embeddable":true,"href":"https:\/\/lamendigapolitica.com\/index.php?rest_route=%2Fwp%2Fv2%2Fcomments&post=29269"}],"version-history":[{"count":2,"href":"https:\/\/lamendigapolitica.com\/index.php?rest_route=\/wp\/v2\/posts\/29269\/revisions"}],"predecessor-version":[{"id":29284,"href":"https:\/\/lamendigapolitica.com\/index.php?rest_route=\/wp\/v2\/posts\/29269\/revisions\/29284"}],"wp:attachment":[{"href":"https:\/\/lamendigapolitica.com\/index.php?rest_route=%2Fwp%2Fv2%2Fmedia&parent=29269"}],"wp:term":[{"taxonomy":"category","embeddable":true,"href":"https:\/\/lamendigapolitica.com\/index.php?rest_route=%2Fwp%2Fv2%2Fcategories&post=29269"},{"taxonomy":"post_tag","embeddable":true,"href":"https:\/\/lamendigapolitica.com\/index.php?rest_route=%2Fwp%2Fv2%2Ftags&post=29269"}],"curies":[{"name":"wp","href":"https:\/\/api.w.org\/{rel}","templated":true}]}}