{"id":29228,"date":"2015-09-08T12:00:21","date_gmt":"2015-09-08T17:00:21","guid":{"rendered":"http:\/\/lamendigapolitica.com\/blog\/?p=29228"},"modified":"2015-09-08T12:00:21","modified_gmt":"2015-09-08T17:00:21","slug":"deforestacion-acaba-con-la-mitad-de-arboles-del-mundo","status":"publish","type":"post","link":"https:\/\/lamendigapolitica.com\/?p=29228","title":{"rendered":"Deforestaci\u00f3n acaba con la mitad de \u00e1rboles del mundo"},"content":{"rendered":"<p><a href=\"https:\/\/lamendigapolitica.com\/blog\/blog\/wp-content\/uploads\/2015\/09\/deforestacion.jpg\"><img loading=\"lazy\" decoding=\"async\" src=\"https:\/\/lamendigapolitica.com\/blog\/blog\/wp-content\/uploads\/2015\/09\/deforestacion.jpg\" alt=\"deforestacion\" width=\"259\" height=\"194\" class=\"aligncenter size-full wp-image-29229\" \/><\/a><\/p>\n<p>Desde el inicio de la civilizaci\u00f3n hasta estos d\u00edas, la mitad de los \u00e1rboles del planeta ha desaparecido. As\u00ed revela un estudio publicado en la revista Nature, realizado por cient\u00edficos de la Universidad de Yale, que advierte que de seguir el alarmante ritmo de aniquilaci\u00f3n de la superficie forestal de la tierra, los \u00e1rboles se extinguir\u00e1n dentro de los pr\u00f3ximos 300 a\u00f1os, publica hoy SunEmbargo. <\/p>\n<p>Con su investigaci\u00f3n, los cient\u00edficos hicieron el que hasta ahora es el c\u00e1lculo m\u00e1s preciso del n\u00famero de \u00e1rboles en el mundo. El recuento se hizo a trav\u00e9s de im\u00e1genes satelitales y estimaciones de las \u00e1reas forestales y con \u00e9l se lleg\u00f3 a la conclusi\u00f3n de que en la actualidad contamos con alrededor de tres billones de \u00e1rboles, lo que equivaldr\u00eda a 422 \u00e1rboles por cada humano.<\/p>\n<p>Esta cifra podr\u00eda parecer alentadora en principio, pero Thomas Cowther, el investigador que encabez\u00f3 el estudio, advierte que el ritmo de la desaparici\u00f3n es alarmante y que es necesario \u201caumentar la reforestaci\u00f3n en los pr\u00f3ximos a\u00f1os para aliviar el impacto humano en los ecosistemas y el clima\u201d, pues en el mundo desaparecen alrededor de 10 mil millones de ejemplares anualmente y, desde el comienzo de la civilizaci\u00f3n, el 46 por ciento de los \u00e1rboles se ha perdido.<\/p>\n<p>Los resultados de la investigaci\u00f3n arrojan que la mayor densidad de \u00e1rboles se encuentra en bosques boreales y regiones sub\u00e1rticas de Rusia, Escandinavia y Norteam\u00e9rica. En contraste, otro estudio, realizado por el Observatorio Global de los Bosques (GFW, por sus siglas en ingl\u00e9s), indica que en esas mismas zonas existen los niveles m\u00e1s altos de deforestaci\u00f3n.<\/p>\n<p>En este \u00faltimo estudio, M\u00e9xico se ubica entre los 15 pa\u00edses que presentan los niveles m\u00e1s altos de deforestaci\u00f3n en lo que va del siglo a nivel mundial, y en quinto lugar de Am\u00e9rica Latina, s\u00f3lo por debajo de Argentina, Paraguay, Bolivia y Colombia. GFW.<\/p>\n","protected":false},"excerpt":{"rendered":"<p>Desde el inicio de la civilizaci\u00f3n hasta estos d\u00edas, la mitad de los \u00e1rboles del planeta ha desaparecido. As\u00ed revela un estudio publicado en la revista Nature, realizado por cient\u00edficos de la Universidad de Yale, que advierte que de seguir el alarmante ritmo de aniquilaci\u00f3n de la superficie forestal de la tierra, los \u00e1rboles se &hellip; <\/p>\n<p><a class=\"more-link btn\" href=\"https:\/\/lamendigapolitica.com\/?p=29228\">Seguir leyendo<\/a><\/p>\n","protected":false},"author":1,"featured_media":0,"comment_status":"open","ping_status":"closed","sticky":false,"template":"","format":"standard","meta":{"footnotes":""},"categories":[20],"tags":[],"class_list":["post-29228","post","type-post","status-publish","format-standard","hentry","category-gobierno","item-wrap"],"_links":{"self":[{"href":"https:\/\/lamendigapolitica.com\/index.php?rest_route=\/wp\/v2\/posts\/29228","targetHints":{"allow":["GET"]}}],"collection":[{"href":"https:\/\/lamendigapolitica.com\/index.php?rest_route=\/wp\/v2\/posts"}],"about":[{"href":"https:\/\/lamendigapolitica.com\/index.php?rest_route=\/wp\/v2\/types\/post"}],"author":[{"embeddable":true,"href":"https:\/\/lamendigapolitica.com\/index.php?rest_route=\/wp\/v2\/users\/1"}],"replies":[{"embeddable":true,"href":"https:\/\/lamendigapolitica.com\/index.php?rest_route=%2Fwp%2Fv2%2Fcomments&post=29228"}],"version-history":[{"count":1,"href":"https:\/\/lamendigapolitica.com\/index.php?rest_route=\/wp\/v2\/posts\/29228\/revisions"}],"predecessor-version":[{"id":29230,"href":"https:\/\/lamendigapolitica.com\/index.php?rest_route=\/wp\/v2\/posts\/29228\/revisions\/29230"}],"wp:attachment":[{"href":"https:\/\/lamendigapolitica.com\/index.php?rest_route=%2Fwp%2Fv2%2Fmedia&parent=29228"}],"wp:term":[{"taxonomy":"category","embeddable":true,"href":"https:\/\/lamendigapolitica.com\/index.php?rest_route=%2Fwp%2Fv2%2Fcategories&post=29228"},{"taxonomy":"post_tag","embeddable":true,"href":"https:\/\/lamendigapolitica.com\/index.php?rest_route=%2Fwp%2Fv2%2Ftags&post=29228"}],"curies":[{"name":"wp","href":"https:\/\/api.w.org\/{rel}","templated":true}]}}