{"id":29225,"date":"2015-09-08T11:58:10","date_gmt":"2015-09-08T16:58:10","guid":{"rendered":"http:\/\/lamendigapolitica.com\/blog\/?p=29225"},"modified":"2015-09-08T11:58:10","modified_gmt":"2015-09-08T16:58:10","slug":"guerrero-informo-a-pgr-del-5to-autobus","status":"publish","type":"post","link":"https:\/\/lamendigapolitica.com\/?p=29225","title":{"rendered":"Guerrero inform\u00f3 a PGR del 5to autob\u00fas"},"content":{"rendered":"<p><a href=\"https:\/\/lamendigapolitica.com\/blog\/blog\/wp-content\/uploads\/2015\/09\/mutillo.jpg\"><img loading=\"lazy\" decoding=\"async\" src=\"https:\/\/lamendigapolitica.com\/blog\/blog\/wp-content\/uploads\/2015\/09\/mutillo.jpg\" alt=\"mutillo\" width=\"299\" height=\"168\" class=\"aligncenter size-full wp-image-29226\" \/><\/a><\/p>\n<p>Organizaciones internacionales defensoras de los derechos humanos y abogados penalistas mexicanos recomendaron este lunes, luego del Informe del Grupo Interdisciplinario de Expertos Independientes de la Comisi\u00f3n Interamericana de Derechos Humanos (GIEI-CIDH), iniciar de cero la investigaci\u00f3n sobre la desaparici\u00f3n de los 43 estudiantes de la Normal de Ayotzinapa, Guerrero, y llamar a cuentas al ex Procurador Jes\u00fas Murillo Karam, despu\u00e9s del fiasco de su \u201cverdad hist\u00f3rica\u201d.<\/p>\n<p>Al mismo tiempo, esta noche, el Fiscal de Guerrero, Miguel \u00c1ngel God\u00ednez Mu\u00f1oz, confirm\u00f3 la existencia de un quinto autob\u00fas, como lo dijo el informe de los Expertos Independientes, y revel\u00f3 adem\u00e1s que Murillo karam fue informado al respecto. \u201cS\u00ed tuvimos conocimiento, participamos dentro de la investigaci\u00f3n, hay un expediente el cual se mand\u00f3 a M\u00e9xico\u201d, dijo God\u00ednez Mu\u00f1oz. \u201cEstoy por reunirme con la procuradora General de la Rep\u00fablica, todav\u00eda no hay fecha para ver la estrategia a seguir en el tema, es lo \u00fanico que te podr\u00eda decir por que ellos son los que llevan la investigaci\u00f3n\u201d, agreg\u00f3.<\/p>\n<p>Por otra parte, los abogados que conforman el Instituto de Justicia Procesal Penal en M\u00e9xico destacaron que en la reacci\u00f3n de la Procuradur\u00eda General de la Rep\u00fablica (PGR), \u201cen un comunicado parco\u201d de la Procuradora Arely G\u00f3mez y la posterior defensa de la investigaci\u00f3n del subprocurador Tom\u00e1s Zer\u00f3n, ven \u201cla predecible falta de compromiso institucional con la verdad\u201d. Hace ya muchos a\u00f1os, plantearon en un comunicado oficial, que diferentes organizaciones de sociedad civil, acad\u00e9micos y actores del sistema de justicia reclaman investigaciones profesionales y cient\u00edficas.<\/p>\n<p>\u201cSabemos que la fabricaci\u00f3n de casos es com\u00fan y que la debilidad de la persecuci\u00f3n penal es constantemente subsidiada por dicho sistema. Son innumerables los casos fundados en \u2018confesiones\u2019 o testigos \u00fanicos, mientras que las v\u00edctimas siguen esperando la respuesta de las autoridades\u201d. Tambi\u00e9n refirieron que, a\u00f1o con a\u00f1o, la Encuesta Nacional de Victimizaci\u00f3n y Percepci\u00f3n sobre Seguridad P\u00fablica (ENVIPE) confirma la falta de confianza en la polic\u00eda y el sistema de justicia.<\/p>\n","protected":false},"excerpt":{"rendered":"<p>Organizaciones internacionales defensoras de los derechos humanos y abogados penalistas mexicanos recomendaron este lunes, luego del Informe del Grupo Interdisciplinario de Expertos Independientes de la Comisi\u00f3n Interamericana de Derechos Humanos (GIEI-CIDH), iniciar de cero la investigaci\u00f3n sobre la desaparici\u00f3n de los 43 estudiantes de la Normal de Ayotzinapa, Guerrero, y llamar a cuentas al ex &hellip; <\/p>\n<p><a class=\"more-link btn\" href=\"https:\/\/lamendigapolitica.com\/?p=29225\">Seguir leyendo<\/a><\/p>\n","protected":false},"author":1,"featured_media":0,"comment_status":"open","ping_status":"closed","sticky":false,"template":"","format":"standard","meta":{"footnotes":""},"categories":[20],"tags":[],"class_list":["post-29225","post","type-post","status-publish","format-standard","hentry","category-gobierno","item-wrap"],"_links":{"self":[{"href":"https:\/\/lamendigapolitica.com\/index.php?rest_route=\/wp\/v2\/posts\/29225","targetHints":{"allow":["GET"]}}],"collection":[{"href":"https:\/\/lamendigapolitica.com\/index.php?rest_route=\/wp\/v2\/posts"}],"about":[{"href":"https:\/\/lamendigapolitica.com\/index.php?rest_route=\/wp\/v2\/types\/post"}],"author":[{"embeddable":true,"href":"https:\/\/lamendigapolitica.com\/index.php?rest_route=\/wp\/v2\/users\/1"}],"replies":[{"embeddable":true,"href":"https:\/\/lamendigapolitica.com\/index.php?rest_route=%2Fwp%2Fv2%2Fcomments&post=29225"}],"version-history":[{"count":1,"href":"https:\/\/lamendigapolitica.com\/index.php?rest_route=\/wp\/v2\/posts\/29225\/revisions"}],"predecessor-version":[{"id":29227,"href":"https:\/\/lamendigapolitica.com\/index.php?rest_route=\/wp\/v2\/posts\/29225\/revisions\/29227"}],"wp:attachment":[{"href":"https:\/\/lamendigapolitica.com\/index.php?rest_route=%2Fwp%2Fv2%2Fmedia&parent=29225"}],"wp:term":[{"taxonomy":"category","embeddable":true,"href":"https:\/\/lamendigapolitica.com\/index.php?rest_route=%2Fwp%2Fv2%2Fcategories&post=29225"},{"taxonomy":"post_tag","embeddable":true,"href":"https:\/\/lamendigapolitica.com\/index.php?rest_route=%2Fwp%2Fv2%2Ftags&post=29225"}],"curies":[{"name":"wp","href":"https:\/\/api.w.org\/{rel}","templated":true}]}}