{"id":29207,"date":"2015-09-07T10:55:14","date_gmt":"2015-09-07T15:55:14","guid":{"rendered":"http:\/\/lamendigapolitica.com\/blog\/?p=29207"},"modified":"2015-09-07T10:55:14","modified_gmt":"2015-09-07T15:55:14","slug":"pgr-realizara-otro-peritaje-en-basurero-de-cocula","status":"publish","type":"post","link":"https:\/\/lamendigapolitica.com\/?p=29207","title":{"rendered":"PGR realizar\u00e1 otro peritaje en basurero de Cocula"},"content":{"rendered":"<p><a href=\"https:\/\/lamendigapolitica.com\/blog\/blog\/wp-content\/uploads\/2015\/09\/pgr.jpg\"><img loading=\"lazy\" decoding=\"async\" src=\"https:\/\/lamendigapolitica.com\/blog\/blog\/wp-content\/uploads\/2015\/09\/pgr.jpg\" alt=\"pgr\" width=\"259\" height=\"195\" class=\"aligncenter size-full wp-image-29208\" \/><\/a><\/p>\n<p>Extender\u00e1n el plazo para que el grupo de expertos siga trabajando en la investigaci\u00f3n, \u2028la cual quedar\u00e1 \u2028en  la SEIDO. La Procuradur\u00eda General de la Rep\u00fablica (PGR) realizar\u00e1 un nuevo peritaje sobre la presunta calcinaci\u00f3n de los 43 cuerpos de los normalistas desaparecidos el 26 y 27 de septiembre de 2014, con forenses del m\u00e1s alto prestigio.<\/p>\n<p>La titular de la dependencia, Arely G\u00f3mez Gonz\u00e1lez, inform\u00f3 lo anterior tras aceptar el informe del Grupo Interdisciplinario de Expertos Independientes (GIEI), de la Comisi\u00f3n Interamericana de Derechos Humanos (CIDH). \u201cSobre los hechos espec\u00edficos de la incineraci\u00f3n en el basurero de Cocula, he instruido se atienda la propuesta contenida en el anexo Informe pericial, aspectos relacionados al fuego, referente a la necesidad absoluta de realizar una investigaci\u00f3n de alt\u00edsimo nivel con peritos con una formaci\u00f3n y experiencia consistentes con la magnitud del problema.<\/p>\n<p>\u201cPor tal motivo, se solicitar\u00e1 la realizaci\u00f3n de un nuevo peritaje a cargo de un cuerpo colegiado de peritos forenses del m\u00e1s alto prestigio\u201d, afirm\u00f3 la funcionaria. La procuradora G\u00f3mez Gonz\u00e1lez ofreci\u00f3 un mensaje en el sal\u00f3n Independencia de la PGR, acompa\u00f1ada, entre otros funcionarios, de los subsecretarios de Derechos Humanos de Gobernaci\u00f3n (Segob), Roberto Campa, y de Asuntos Multilaterales y Derechos Humanos de Relaciones Exteriores (SRE), Juan Manuel G\u00f3mez Robledo, quienes minutos antes recibieron el informe del GIEI.<\/p>\n<p>En el mensaje, la procuradora destac\u00f3 las coincidencias entre ambas investigaciones, sobre la participaci\u00f3n de polic\u00edas municipales y de los nexos del expresidente municipal de Iguala, Jos\u00e9 Luis Abarca, con el crimen organizado. \u201cLas conclusiones del GIEI confirman las l\u00edneas de investigaci\u00f3n de esta Procuradur\u00eda, en el sentido de que las polic\u00edas municipales de Iguala y Cocula participaron en la comisi\u00f3n de estos delitos. Dichas corporaciones policiales fueron cooptadas por la delincuencia organizada, como se ha podido acreditar de las actuaciones que obran en el expediente.<\/p>\n<p>En respuesta a la solicitud de los especialistas, la PGR inform\u00f3 que se solicitar\u00e1 a la CIDH la ampliaci\u00f3n de la presencia del grupo en el pa\u00eds, y anunci\u00f3 que las instigaciones del caso quedar\u00e1n concentradas en la SEIDO.<\/p>\n","protected":false},"excerpt":{"rendered":"<p>Extender\u00e1n el plazo para que el grupo de expertos siga trabajando en la investigaci\u00f3n, \u2028la cual quedar\u00e1 \u2028en la SEIDO. La Procuradur\u00eda General de la Rep\u00fablica (PGR) realizar\u00e1 un nuevo peritaje sobre la presunta calcinaci\u00f3n de los 43 cuerpos de los normalistas desaparecidos el 26 y 27 de septiembre de 2014, con forenses del m\u00e1s &hellip; <\/p>\n<p><a class=\"more-link btn\" href=\"https:\/\/lamendigapolitica.com\/?p=29207\">Seguir leyendo<\/a><\/p>\n","protected":false},"author":1,"featured_media":0,"comment_status":"open","ping_status":"closed","sticky":false,"template":"","format":"standard","meta":{"footnotes":""},"categories":[20,27],"tags":[],"class_list":["post-29207","post","type-post","status-publish","format-standard","hentry","category-gobierno","category-seguridad","item-wrap"],"_links":{"self":[{"href":"https:\/\/lamendigapolitica.com\/index.php?rest_route=\/wp\/v2\/posts\/29207","targetHints":{"allow":["GET"]}}],"collection":[{"href":"https:\/\/lamendigapolitica.com\/index.php?rest_route=\/wp\/v2\/posts"}],"about":[{"href":"https:\/\/lamendigapolitica.com\/index.php?rest_route=\/wp\/v2\/types\/post"}],"author":[{"embeddable":true,"href":"https:\/\/lamendigapolitica.com\/index.php?rest_route=\/wp\/v2\/users\/1"}],"replies":[{"embeddable":true,"href":"https:\/\/lamendigapolitica.com\/index.php?rest_route=%2Fwp%2Fv2%2Fcomments&post=29207"}],"version-history":[{"count":1,"href":"https:\/\/lamendigapolitica.com\/index.php?rest_route=\/wp\/v2\/posts\/29207\/revisions"}],"predecessor-version":[{"id":29209,"href":"https:\/\/lamendigapolitica.com\/index.php?rest_route=\/wp\/v2\/posts\/29207\/revisions\/29209"}],"wp:attachment":[{"href":"https:\/\/lamendigapolitica.com\/index.php?rest_route=%2Fwp%2Fv2%2Fmedia&parent=29207"}],"wp:term":[{"taxonomy":"category","embeddable":true,"href":"https:\/\/lamendigapolitica.com\/index.php?rest_route=%2Fwp%2Fv2%2Fcategories&post=29207"},{"taxonomy":"post_tag","embeddable":true,"href":"https:\/\/lamendigapolitica.com\/index.php?rest_route=%2Fwp%2Fv2%2Ftags&post=29207"}],"curies":[{"name":"wp","href":"https:\/\/api.w.org\/{rel}","templated":true}]}}