{"id":29201,"date":"2015-09-07T10:48:18","date_gmt":"2015-09-07T15:48:18","guid":{"rendered":"http:\/\/lamendigapolitica.com\/blog\/?p=29201"},"modified":"2015-09-07T10:48:18","modified_gmt":"2015-09-07T15:48:18","slug":"la-verdad-historica-se-hunde","status":"publish","type":"post","link":"https:\/\/lamendigapolitica.com\/?p=29201","title":{"rendered":"La \u201cverdad hist\u00f3rica\u201d se hunde"},"content":{"rendered":"<p><a href=\"https:\/\/lamendigapolitica.com\/blog\/blog\/wp-content\/uploads\/2015\/09\/43.jpg\"><img loading=\"lazy\" decoding=\"async\" class=\"aligncenter wp-image-29202 size-medium\" src=\"https:\/\/lamendigapolitica.com\/blog\/blog\/wp-content\/uploads\/2015\/09\/43-300x156.jpg\" alt=\"43\" width=\"300\" height=\"156\" \/><\/a><\/p>\n<p>El Grupo Interdisciplinario de Expertos y Expertas Independientes (GIEI), integrado por cinco representantes de la Comisi\u00f3n Interamericana de Derechos Humanos (CIDH), aport\u00f3 ayer al menos dos nuevas l\u00edneas de investigaci\u00f3n que echan a la basura \u201cla verdad hist\u00f3rica\u201d oficial sobre la desaparici\u00f3n de 43 alumnos de la Escuela Normal Rural Ra\u00fal Isidro Burgos de Ayotzinapa, Guerrero, hace casi un a\u00f1o, publica hoy SinEmbargo.<\/p>\n<p>Hay un cami\u00f3n desaparecido que podr\u00eda ser clave para conocer el destino de los normalistas, no existe evidencia de que los j\u00f3venes fueron quemados en un basurero del municipio de Cocula, como lo afirm\u00f3 el 27 de enero de 2015, el entonces titular de la Procuradur\u00eda General de la Rep\u00fablica (PGR), Jes\u00fas Murillo Karam, quien mostr\u00f3 extractos de peritajes con los que arm\u00f3 su verdad hist\u00f3rica.<\/p>\n<p>El informe del GIEI tambi\u00e9n revela que en todo momento, elementos de la Polic\u00eda Federal, el Ej\u00e9rcito y corporaciones municipales tuvieron conocimiento de la ruta que siguieron los cinco camiones tomados por los normalistas en los que viajar\u00edan a la Ciudad de M\u00e9xico para asistir a la marcha del 2 de octubre.<\/p>\n<p>Ayer mismo, la Procuradora General, Arely G\u00f3mez Gonz\u00e1lez anunci\u00f3 que se realizar\u00e1 un nuevo peritaje sobre el caso Iguala e instruy\u00f3 para que la averiguaci\u00f3n previa quedara a cargo de Felipe de Jes\u00fas Mu\u00f1oz, titular de la Subprocuradur\u00eda Especializada en Investigaci\u00f3n de la Delincuencia Organizada. Anteriormente el funcionario a cargo era Tom\u00e1s Zer\u00f3n de Lucio, director en jefe de la Agencia de Investigaci\u00f3n Criminal de la PGR.<\/p>\n","protected":false},"excerpt":{"rendered":"<p>El Grupo Interdisciplinario de Expertos y Expertas Independientes (GIEI), integrado por cinco representantes de la Comisi\u00f3n Interamericana de Derechos Humanos (CIDH), aport\u00f3 ayer al menos dos nuevas l\u00edneas de investigaci\u00f3n que echan a la basura \u201cla verdad hist\u00f3rica\u201d oficial sobre la desaparici\u00f3n de 43 alumnos de la Escuela Normal Rural Ra\u00fal Isidro Burgos de Ayotzinapa, &hellip; <\/p>\n<p><a class=\"more-link btn\" href=\"https:\/\/lamendigapolitica.com\/?p=29201\">Seguir leyendo<\/a><\/p>\n","protected":false},"author":1,"featured_media":0,"comment_status":"open","ping_status":"closed","sticky":false,"template":"","format":"standard","meta":{"footnotes":""},"categories":[20,27],"tags":[],"class_list":["post-29201","post","type-post","status-publish","format-standard","hentry","category-gobierno","category-seguridad","item-wrap"],"_links":{"self":[{"href":"https:\/\/lamendigapolitica.com\/index.php?rest_route=\/wp\/v2\/posts\/29201","targetHints":{"allow":["GET"]}}],"collection":[{"href":"https:\/\/lamendigapolitica.com\/index.php?rest_route=\/wp\/v2\/posts"}],"about":[{"href":"https:\/\/lamendigapolitica.com\/index.php?rest_route=\/wp\/v2\/types\/post"}],"author":[{"embeddable":true,"href":"https:\/\/lamendigapolitica.com\/index.php?rest_route=\/wp\/v2\/users\/1"}],"replies":[{"embeddable":true,"href":"https:\/\/lamendigapolitica.com\/index.php?rest_route=%2Fwp%2Fv2%2Fcomments&post=29201"}],"version-history":[{"count":1,"href":"https:\/\/lamendigapolitica.com\/index.php?rest_route=\/wp\/v2\/posts\/29201\/revisions"}],"predecessor-version":[{"id":29203,"href":"https:\/\/lamendigapolitica.com\/index.php?rest_route=\/wp\/v2\/posts\/29201\/revisions\/29203"}],"wp:attachment":[{"href":"https:\/\/lamendigapolitica.com\/index.php?rest_route=%2Fwp%2Fv2%2Fmedia&parent=29201"}],"wp:term":[{"taxonomy":"category","embeddable":true,"href":"https:\/\/lamendigapolitica.com\/index.php?rest_route=%2Fwp%2Fv2%2Fcategories&post=29201"},{"taxonomy":"post_tag","embeddable":true,"href":"https:\/\/lamendigapolitica.com\/index.php?rest_route=%2Fwp%2Fv2%2Ftags&post=29201"}],"curies":[{"name":"wp","href":"https:\/\/api.w.org\/{rel}","templated":true}]}}