{"id":29195,"date":"2015-09-07T10:36:17","date_gmt":"2015-09-07T15:36:17","guid":{"rendered":"http:\/\/lamendigapolitica.com\/blog\/?p=29195"},"modified":"2015-09-07T10:36:17","modified_gmt":"2015-09-07T15:36:17","slug":"iglesia-critica-la-actitud-pasiva-de-mexico","status":"publish","type":"post","link":"https:\/\/lamendigapolitica.com\/?p=29195","title":{"rendered":"Iglesia  critica la actitud pasiva de M\u00e9xico"},"content":{"rendered":"<p><a href=\"https:\/\/lamendigapolitica.com\/blog\/blog\/wp-content\/uploads\/2015\/09\/trump.jpg\"><img loading=\"lazy\" decoding=\"async\" src=\"https:\/\/lamendigapolitica.com\/blog\/blog\/wp-content\/uploads\/2015\/09\/trump.jpg\" alt=\"trump\" width=\"280\" height=\"160\" class=\"aligncenter size-full wp-image-29196\" \/><\/a><\/p>\n<p>Donald Trump no s\u00f3lo es ignorante de los tratados internacionales sobre derechos humanos, se equivocan quienes creen que es solamente un tipo con una gran boca, pues su beligerancia ha hecho ya un gran da\u00f1o a los migrantes, se\u00f1al\u00f3 el Episcopado mexicano en su edici\u00f3n dominical Desde la Fe. \u201cEn \u00faltimas fechas han provocado gran esc\u00e1ndalo e indignaci\u00f3n las declaraciones racistas y xen\u00f3fobas del aspirante a la Presidencia de los Estados Unidos por parte del Partido Republicano, Donald Trump, quien amaga con realizar deportaciones masivas de indocumentados\u201d, detalla la Iglesia cat\u00f3lica.<\/p>\n<p>A\u00f1ade que Trump tiene por aliados al odio, el racismo ancestral estadounidense y la indiferencia pol\u00edtica del gobierno de M\u00e9xico, \u201cque no cumple con su deber de defender no s\u00f3lo los intereses comerciales, sino a sus ciudadanos que se han visto obligados a vivir el drama de la inmigraci\u00f3n y que, por cierto, cuyo env\u00edo de remesas \u2013que superan a los ingresos petroleros\u2013 ha salvado a nuestro pa\u00eds de la recesi\u00f3n econ\u00f3mica\u201d.<\/p>\n<p>En el tema de los migrantes, la Iglesia cat\u00f3lica plantea que el Gobierno de M\u00e9xico deber\u00eda actuar con el ejemplo para humanizar las condiciones migratorias, seg\u00fan hab\u00eda sido prometido desde el 2013 a trav\u00e9s del Programa Especial de Migraci\u00f3n (PEM) 2014-2018 que, en el papel, contribuir\u00eda a consolidar una pol\u00edtica migratoria basada en la promoci\u00f3n de los derechos humanos, desarrollo sustentable, g\u00e9nero, interculturalidad y seguridad humana.<\/p>\n<p>Recuerda que el pa\u00eds es territorio de paso de personas que deben salir de sus lugares de origen para tener mejores perspectivas de vida en los Estados Unidos. \u201cSon millones de historias las que revelan los dos enemigos que enfrentan nuestros hermanos: la delincuencia organizada, y los delincuentes oficiales amparados bajo una placa y uniformes, abusando y asesinando a seres humanos\u201d, expone la publicaci\u00f3n.<\/p>\n","protected":false},"excerpt":{"rendered":"<p>Donald Trump no s\u00f3lo es ignorante de los tratados internacionales sobre derechos humanos, se equivocan quienes creen que es solamente un tipo con una gran boca, pues su beligerancia ha hecho ya un gran da\u00f1o a los migrantes, se\u00f1al\u00f3 el Episcopado mexicano en su edici\u00f3n dominical Desde la Fe. \u201cEn \u00faltimas fechas han provocado gran &hellip; <\/p>\n<p><a class=\"more-link btn\" href=\"https:\/\/lamendigapolitica.com\/?p=29195\">Seguir leyendo<\/a><\/p>\n","protected":false},"author":1,"featured_media":0,"comment_status":"open","ping_status":"closed","sticky":false,"template":"","format":"standard","meta":{"footnotes":""},"categories":[20,21],"tags":[],"class_list":["post-29195","post","type-post","status-publish","format-standard","hentry","category-gobierno","category-religion","item-wrap"],"_links":{"self":[{"href":"https:\/\/lamendigapolitica.com\/index.php?rest_route=\/wp\/v2\/posts\/29195","targetHints":{"allow":["GET"]}}],"collection":[{"href":"https:\/\/lamendigapolitica.com\/index.php?rest_route=\/wp\/v2\/posts"}],"about":[{"href":"https:\/\/lamendigapolitica.com\/index.php?rest_route=\/wp\/v2\/types\/post"}],"author":[{"embeddable":true,"href":"https:\/\/lamendigapolitica.com\/index.php?rest_route=\/wp\/v2\/users\/1"}],"replies":[{"embeddable":true,"href":"https:\/\/lamendigapolitica.com\/index.php?rest_route=%2Fwp%2Fv2%2Fcomments&post=29195"}],"version-history":[{"count":1,"href":"https:\/\/lamendigapolitica.com\/index.php?rest_route=\/wp\/v2\/posts\/29195\/revisions"}],"predecessor-version":[{"id":29197,"href":"https:\/\/lamendigapolitica.com\/index.php?rest_route=\/wp\/v2\/posts\/29195\/revisions\/29197"}],"wp:attachment":[{"href":"https:\/\/lamendigapolitica.com\/index.php?rest_route=%2Fwp%2Fv2%2Fmedia&parent=29195"}],"wp:term":[{"taxonomy":"category","embeddable":true,"href":"https:\/\/lamendigapolitica.com\/index.php?rest_route=%2Fwp%2Fv2%2Fcategories&post=29195"},{"taxonomy":"post_tag","embeddable":true,"href":"https:\/\/lamendigapolitica.com\/index.php?rest_route=%2Fwp%2Fv2%2Ftags&post=29195"}],"curies":[{"name":"wp","href":"https:\/\/api.w.org\/{rel}","templated":true}]}}