{"id":29192,"date":"2015-09-07T10:34:16","date_gmt":"2015-09-07T15:34:16","guid":{"rendered":"http:\/\/lamendigapolitica.com\/blog\/?p=29192"},"modified":"2015-09-07T10:34:16","modified_gmt":"2015-09-07T15:34:16","slug":"sarah-palin-pide-a-migrantes-hablar-estadounidense","status":"publish","type":"post","link":"https:\/\/lamendigapolitica.com\/?p=29192","title":{"rendered":"Sarah Palin pide a migrantes hablar \u201cestadounidense\u201d"},"content":{"rendered":"<p><a href=\"https:\/\/lamendigapolitica.com\/blog\/blog\/wp-content\/uploads\/2015\/09\/dstapalin.jpg\"><img loading=\"lazy\" decoding=\"async\" src=\"https:\/\/lamendigapolitica.com\/blog\/blog\/wp-content\/uploads\/2015\/09\/dstapalin.jpg\" alt=\"dstapalin\" width=\"268\" height=\"188\" class=\"aligncenter size-full wp-image-29193\" \/><\/a><\/p>\n<p>La ex Gobernadora de Alaska (EU) Sarah Palin se posicion\u00f3 hoy como futura Secretaria de Energ\u00eda en caso de que el magnate Donald Trump se hiciese con la nominaci\u00f3n republicana a la Casa Blanca y, luego, consiguiera batir en los comicios de 2016 al candidato presidencial dem\u00f3crata.<\/p>\n<p>Palin, candidata a la vicepresidencia como compa\u00f1era del Senador John McCain en 2008, destac\u00f3 no obstante que ocupar\u00eda este cargo durante un corto periodo de tiempo, porque de conseguir el cargo eliminar\u00eda por completo el Departamento de Energ\u00eda para otorgar a los estados un mayor control sobre los recursos naturales. \u201cPienso mucho en el Departamento de Energ\u00eda, ya que la energ\u00eda es como mi beb\u00e9. El petr\u00f3leo, el gas y los minerales, las cosas que Dios ha vertido en esta parte de la tierra para nuestro uso, en vez de que tengamos que depender de naciones extranjeras hostiles de las que importamos recursos\u201d, destac\u00f3 Palin.<\/p>\n<p> \u201cCreo que me gustar\u00eda m\u00e1s tener un presidente que es duro y pone a EU primero, antes de otro que pudiera ganar al \u2018Trivial Pursuit\u2019\u201d, consider\u00f3Palin, que tuvo sus propios y populares tropiezos en pol\u00edtica exterior cuando compet\u00eda por la Vicepresidencia en 2008. Entonces, en una entrevista en la cadena CBS, concedida a la presentadora Katie Couric, Palin justific\u00f3 su experiencia en pol\u00edtica exterior por la proximidad de Alaska a Rusia y no supo nombrar ning\u00fan diario que leyera con regularidad, entre otros deslices que fueron se\u00f1alados como el principio del fin de la dupla que formaba con el Eenador McCain.<\/p>\n<p>Durante su entrevista de hoy en la CNN, Palin tambi\u00e9n habl\u00f3 sobre la pol\u00e9mica abierta entre el aspirante presidencial Jeb Bush y el magnate Donald Trump, que consider\u00f3 esta semana que su rival en las primarias deber\u00eda de hablar en ingl\u00e9s y no en espa\u00f1ol mientras est\u00e9 en Estados Unidos. \u201cDeber\u00edamos hablar estadounidense\u201d, resolvi\u00f3 Palin, que r\u00e1pidamente se corrigi\u00f3 para decir que los inmigrantes deber\u00edan de hablar ingl\u00e9s, aunque consider\u00f3 una ventaja que Bush sea capaz de dirigirse en espa\u00f1ol a la poblaci\u00f3n hispana, llamada a jugar un papel clave en las elecciones de 2016. EFE<\/p>\n","protected":false},"excerpt":{"rendered":"<p>La ex Gobernadora de Alaska (EU) Sarah Palin se posicion\u00f3 hoy como futura Secretaria de Energ\u00eda en caso de que el magnate Donald Trump se hiciese con la nominaci\u00f3n republicana a la Casa Blanca y, luego, consiguiera batir en los comicios de 2016 al candidato presidencial dem\u00f3crata. Palin, candidata a la vicepresidencia como compa\u00f1era del &hellip; <\/p>\n<p><a class=\"more-link btn\" href=\"https:\/\/lamendigapolitica.com\/?p=29192\">Seguir leyendo<\/a><\/p>\n","protected":false},"author":1,"featured_media":0,"comment_status":"open","ping_status":"closed","sticky":false,"template":"","format":"standard","meta":{"footnotes":""},"categories":[20],"tags":[],"class_list":["post-29192","post","type-post","status-publish","format-standard","hentry","category-gobierno","item-wrap"],"_links":{"self":[{"href":"https:\/\/lamendigapolitica.com\/index.php?rest_route=\/wp\/v2\/posts\/29192","targetHints":{"allow":["GET"]}}],"collection":[{"href":"https:\/\/lamendigapolitica.com\/index.php?rest_route=\/wp\/v2\/posts"}],"about":[{"href":"https:\/\/lamendigapolitica.com\/index.php?rest_route=\/wp\/v2\/types\/post"}],"author":[{"embeddable":true,"href":"https:\/\/lamendigapolitica.com\/index.php?rest_route=\/wp\/v2\/users\/1"}],"replies":[{"embeddable":true,"href":"https:\/\/lamendigapolitica.com\/index.php?rest_route=%2Fwp%2Fv2%2Fcomments&post=29192"}],"version-history":[{"count":1,"href":"https:\/\/lamendigapolitica.com\/index.php?rest_route=\/wp\/v2\/posts\/29192\/revisions"}],"predecessor-version":[{"id":29194,"href":"https:\/\/lamendigapolitica.com\/index.php?rest_route=\/wp\/v2\/posts\/29192\/revisions\/29194"}],"wp:attachment":[{"href":"https:\/\/lamendigapolitica.com\/index.php?rest_route=%2Fwp%2Fv2%2Fmedia&parent=29192"}],"wp:term":[{"taxonomy":"category","embeddable":true,"href":"https:\/\/lamendigapolitica.com\/index.php?rest_route=%2Fwp%2Fv2%2Fcategories&post=29192"},{"taxonomy":"post_tag","embeddable":true,"href":"https:\/\/lamendigapolitica.com\/index.php?rest_route=%2Fwp%2Fv2%2Ftags&post=29192"}],"curies":[{"name":"wp","href":"https:\/\/api.w.org\/{rel}","templated":true}]}}