{"id":29168,"date":"2015-09-06T13:59:53","date_gmt":"2015-09-06T18:59:53","guid":{"rendered":"http:\/\/lamendigapolitica.com\/blog\/?p=29168"},"modified":"2015-09-06T13:59:53","modified_gmt":"2015-09-06T18:59:53","slug":"imss-investiga-a-trabajadores-que-aparecen-en-video","status":"publish","type":"post","link":"https:\/\/lamendigapolitica.com\/?p=29168","title":{"rendered":"IMSS investiga a trabajadores que aparecen en video"},"content":{"rendered":"<p><a href=\"https:\/\/lamendigapolitica.com\/blog\/blog\/wp-content\/uploads\/2015\/09\/olla.jpg\"><img loading=\"lazy\" decoding=\"async\" src=\"https:\/\/lamendigapolitica.com\/blog\/blog\/wp-content\/uploads\/2015\/09\/olla.jpg\" alt=\"olla\" width=\"259\" height=\"195\" class=\"aligncenter size-full wp-image-29169\" \/><\/a><\/p>\n<p>El Instituto Mexicano del Seguro Social (IMSS) inici\u00f3 un procedimiento laboral contra trabajadores que aparecieron en un video difundido en Internet, a fin de deslindar las responsabilidades que correspondan. <\/p>\n<p>A trav\u00e9s de redes sociales se difundi\u00f3 un video donde aparecen trabajadores, presuntamente del Hospital de Traumatolog\u00eda de Puebla, ba\u00f1ando a uno de sus compa\u00f1eros al parecer en una de las ollas que se utilizan para preparar comida a pacientes.<\/p>\n<p>Ante ello, mediante un comunicado, el IMSS aclar\u00f3 que el comportamiento mostrado por dichas personas no refleja los valores ni el compromiso del instituto ni de la mayor\u00eda de sus trabajadores con sus derechohabientes.<\/p>\n<p>De la misma manera el IMSS reiter\u00f3 su compromiso con la derechohabiencia para continuar brindando los servicios que otorga con calidad y calidez.<\/p>\n","protected":false},"excerpt":{"rendered":"<p>El Instituto Mexicano del Seguro Social (IMSS) inici\u00f3 un procedimiento laboral contra trabajadores que aparecieron en un video difundido en Internet, a fin de deslindar las responsabilidades que correspondan. A trav\u00e9s de redes sociales se difundi\u00f3 un video donde aparecen trabajadores, presuntamente del Hospital de Traumatolog\u00eda de Puebla, ba\u00f1ando a uno de sus compa\u00f1eros al &hellip; <\/p>\n<p><a class=\"more-link btn\" href=\"https:\/\/lamendigapolitica.com\/?p=29168\">Seguir leyendo<\/a><\/p>\n","protected":false},"author":1,"featured_media":0,"comment_status":"open","ping_status":"closed","sticky":false,"template":"","format":"standard","meta":{"footnotes":""},"categories":[20],"tags":[],"class_list":["post-29168","post","type-post","status-publish","format-standard","hentry","category-gobierno","item-wrap"],"_links":{"self":[{"href":"https:\/\/lamendigapolitica.com\/index.php?rest_route=\/wp\/v2\/posts\/29168","targetHints":{"allow":["GET"]}}],"collection":[{"href":"https:\/\/lamendigapolitica.com\/index.php?rest_route=\/wp\/v2\/posts"}],"about":[{"href":"https:\/\/lamendigapolitica.com\/index.php?rest_route=\/wp\/v2\/types\/post"}],"author":[{"embeddable":true,"href":"https:\/\/lamendigapolitica.com\/index.php?rest_route=\/wp\/v2\/users\/1"}],"replies":[{"embeddable":true,"href":"https:\/\/lamendigapolitica.com\/index.php?rest_route=%2Fwp%2Fv2%2Fcomments&post=29168"}],"version-history":[{"count":1,"href":"https:\/\/lamendigapolitica.com\/index.php?rest_route=\/wp\/v2\/posts\/29168\/revisions"}],"predecessor-version":[{"id":29170,"href":"https:\/\/lamendigapolitica.com\/index.php?rest_route=\/wp\/v2\/posts\/29168\/revisions\/29170"}],"wp:attachment":[{"href":"https:\/\/lamendigapolitica.com\/index.php?rest_route=%2Fwp%2Fv2%2Fmedia&parent=29168"}],"wp:term":[{"taxonomy":"category","embeddable":true,"href":"https:\/\/lamendigapolitica.com\/index.php?rest_route=%2Fwp%2Fv2%2Fcategories&post=29168"},{"taxonomy":"post_tag","embeddable":true,"href":"https:\/\/lamendigapolitica.com\/index.php?rest_route=%2Fwp%2Fv2%2Ftags&post=29168"}],"curies":[{"name":"wp","href":"https:\/\/api.w.org\/{rel}","templated":true}]}}