{"id":29132,"date":"2015-09-03T10:59:24","date_gmt":"2015-09-03T15:59:24","guid":{"rendered":"http:\/\/lamendigapolitica.com\/blog\/?p=29132"},"modified":"2015-09-03T10:59:24","modified_gmt":"2015-09-03T15:59:24","slug":"otto-perez-molina-acusado-de-corrupcion-renuncia-a-la-presidencia-de-guatemala","status":"publish","type":"post","link":"https:\/\/lamendigapolitica.com\/?p=29132","title":{"rendered":"Otto P\u00e9rez Molina, acusado de corrupci\u00f3n, renuncia a la Presidencia de Guatemala"},"content":{"rendered":"<p><a href=\"https:\/\/lamendigapolitica.com\/blog\/blog\/wp-content\/uploads\/2015\/09\/renuncia.jpg\"><img loading=\"lazy\" decoding=\"async\" src=\"https:\/\/lamendigapolitica.com\/blog\/blog\/wp-content\/uploads\/2015\/09\/renuncia.jpg\" alt=\"renuncia\" width=\"300\" height=\"168\" class=\"aligncenter size-full wp-image-29133\" \/><\/a><\/p>\n<p>El Presidente de Guatemala, Otto P\u00e9rez Molina, acusado de corrupci\u00f3n, renunci\u00f3 al cargo con el fin de \u201cmantener la institucionalidad del Ejecutivo\u201d, inform\u00f3 hoy una fuente oficial. P\u00e9rez Molina, el primer Presidente desaforado de la historia del pa\u00eds, est\u00e1 acusado de liderar la red de corrupci\u00f3n aduanera \u201cLa L\u00ednea\u201d y desde ayer mi\u00e9rcoles pesa sobre \u00e9l una orden de captura.<\/p>\n<p>El portavoz oficial de la Presidencia, Jorge Ortega, precis\u00f3 a que el Presidente firm\u00f3 la carta de renuncia a las 19:00 hora local del mi\u00e9rcoles. El objetivo, asegur\u00f3, es \u201cmantener la institucionalidad y el orden que corresponde dentro del Estado\u201d, adem\u00e1s de enfrentar \u201cde manera individual\u201d el debido proceso en su contra.<\/p>\n<p>La renuncia del Presidente se encuentra en manos del Congreso del pa\u00eds centroamericano, que deber\u00e1 avalar o no su dimisi\u00f3n, y en caso de concretarse, nombrar al vicepresidente, Alejandro Maldonado, como nuevo mandatario, seg\u00fan establece la ley guatemalteca. La Constituci\u00f3n indica que el Congreso, formado por 158 diputados, deber\u00e1 decidir si acepta o no la renuncia del Presidente, y comprobar \u201cla autenticidad\u201d de la carta de dimisi\u00f3n, que seg\u00fan el portavoz de P\u00e9rez Molina, Jorge Ortega, ya se encuentra en la sede del Parlamento.<\/p>\n<p>El Organismo Legislativo, presidido por el opositor Luis Rabb\u00e9, de la agrupaci\u00f3n Libertad Democr\u00e1tica Renovada (Lider), deber\u00e1 posteriormente \u201cdar posesi\u00f3n\u201d de la Presidencia al ahora vicepresidente Maldonado.<\/p>\n","protected":false},"excerpt":{"rendered":"<p>El Presidente de Guatemala, Otto P\u00e9rez Molina, acusado de corrupci\u00f3n, renunci\u00f3 al cargo con el fin de \u201cmantener la institucionalidad del Ejecutivo\u201d, inform\u00f3 hoy una fuente oficial. P\u00e9rez Molina, el primer Presidente desaforado de la historia del pa\u00eds, est\u00e1 acusado de liderar la red de corrupci\u00f3n aduanera \u201cLa L\u00ednea\u201d y desde ayer mi\u00e9rcoles pesa sobre &hellip; <\/p>\n<p><a class=\"more-link btn\" href=\"https:\/\/lamendigapolitica.com\/?p=29132\">Seguir leyendo<\/a><\/p>\n","protected":false},"author":1,"featured_media":0,"comment_status":"open","ping_status":"closed","sticky":false,"template":"","format":"standard","meta":{"footnotes":""},"categories":[20,3],"tags":[],"class_list":["post-29132","post","type-post","status-publish","format-standard","hentry","category-gobierno","category-politica","item-wrap"],"_links":{"self":[{"href":"https:\/\/lamendigapolitica.com\/index.php?rest_route=\/wp\/v2\/posts\/29132","targetHints":{"allow":["GET"]}}],"collection":[{"href":"https:\/\/lamendigapolitica.com\/index.php?rest_route=\/wp\/v2\/posts"}],"about":[{"href":"https:\/\/lamendigapolitica.com\/index.php?rest_route=\/wp\/v2\/types\/post"}],"author":[{"embeddable":true,"href":"https:\/\/lamendigapolitica.com\/index.php?rest_route=\/wp\/v2\/users\/1"}],"replies":[{"embeddable":true,"href":"https:\/\/lamendigapolitica.com\/index.php?rest_route=%2Fwp%2Fv2%2Fcomments&post=29132"}],"version-history":[{"count":1,"href":"https:\/\/lamendigapolitica.com\/index.php?rest_route=\/wp\/v2\/posts\/29132\/revisions"}],"predecessor-version":[{"id":29134,"href":"https:\/\/lamendigapolitica.com\/index.php?rest_route=\/wp\/v2\/posts\/29132\/revisions\/29134"}],"wp:attachment":[{"href":"https:\/\/lamendigapolitica.com\/index.php?rest_route=%2Fwp%2Fv2%2Fmedia&parent=29132"}],"wp:term":[{"taxonomy":"category","embeddable":true,"href":"https:\/\/lamendigapolitica.com\/index.php?rest_route=%2Fwp%2Fv2%2Fcategories&post=29132"},{"taxonomy":"post_tag","embeddable":true,"href":"https:\/\/lamendigapolitica.com\/index.php?rest_route=%2Fwp%2Fv2%2Ftags&post=29132"}],"curies":[{"name":"wp","href":"https:\/\/api.w.org\/{rel}","templated":true}]}}