{"id":29117,"date":"2015-09-02T12:33:46","date_gmt":"2015-09-02T17:33:46","guid":{"rendered":"http:\/\/lamendigapolitica.com\/blog\/?p=29117"},"modified":"2015-09-02T15:34:45","modified_gmt":"2015-09-02T20:34:45","slug":"pobreza-es-la-palabra-que-define-economia-de-mexico-dice-ny","status":"publish","type":"post","link":"https:\/\/lamendigapolitica.com\/?p=29117","title":{"rendered":"\u201cPobreza\u201d es la palabra que define econom\u00eda de M\u00e9xico, dice NYTimes"},"content":{"rendered":"<p><a href=\"https:\/\/lamendigapolitica.com\/blog\/blog\/wp-content\/uploads\/2015\/09\/pobreza1.jpg\"><img loading=\"lazy\" decoding=\"async\" class=\"aligncenter size-full wp-image-29119\" src=\"https:\/\/lamendigapolitica.com\/blog\/blog\/wp-content\/uploads\/2015\/09\/pobreza1.jpg\" alt=\"pobreza\" width=\"274\" height=\"184\" \/><\/a><\/p>\n<p>Pese al progreso empresarial, algo se siente \u201ctriste\u201d alrededor de la econom\u00eda mexicana y esto s\u00f3lo se puede definir con una palabra: la pobreza, dice el diario estadounidense The New York Times en un despacho publicado ayer por la noche y reproducidopor el potal de noticias SinEmbargo.<\/p>\n<p>Casi como una afirmaci\u00f3n, el Instituto Nacional de Estad\u00edstica y Geograf\u00eda (Inegi) dijo este d\u00eda al presentar los resultados del Sistema de Indicadores C\u00edclicos que el estado general de la econom\u00eda mexicana contin\u00faa a la baja y previ\u00f3 una disminuci\u00f3n de la misma al no encontrar se\u00f1ales de recuperaci\u00f3n. Y el Consejo Nacional de Evaluaci\u00f3n de la Pol\u00edtica de Desarrollo Social (Coneval) inform\u00f3 el 23 de julio que el n\u00famero absoluto de mexicanos en pobreza aument\u00f3 de los 53.3 millones que hab\u00eda en 2012 a 55.3 millones a 2014.<\/p>\n<p>Al respecto, el diario neoyorquino expone que el pesimismo econ\u00f3mico es un fen\u00f3meno generalizado en gran parte del pa\u00eds, justo ahora que el Presidente Enrique Pe\u00f1a Nieto se prepara para reiniciar su presidencia a medio camino dentro de su mandato de seis a\u00f1os. Todav\u00eda el a\u00f1o pasado el Presidente mexicano pod\u00eda \u201cvender\u201d su paquete de cambios econ\u00f3micos como el \u201cmomento de M\u00e9xico\u201d y promet\u00eda que vendr\u00edan mejores tiempos, que estos estaban \u201ca la vuelta de la esquina\u201d.<\/p>\n<p>Pero la historia no es igual a la realidad, se\u00f1ala el NYT, ya que la credibilidad del gobierno priista ha ca\u00eddo de cara a los esc\u00e1ndalos de corrupci\u00f3n y por el escepticismo sobre su manejo de la guerra contra el narco. En estos d\u00edas previos a su tercer informe de gobierno, Pe\u00f1a Nieto ha lanzado spots transmitidos en los medios de comunicaci\u00f3n que ensalzan los \u201ccambios\u201d: reglas para controlar a poderosas empresas privadas de telecomunicaciones y un fin al control estatal de la industria energ\u00e9tica, enfatiza el diario extranjero.<\/p>\n<p>\u201cLa campa\u00f1a repite la promesa de que la inversi\u00f3n y el empleo est\u00e1n llegando al pa\u00eds\u201d, afirma el rotativo neoyorquino en la nota firmada por Elisabeth Malkinsept.<\/p>\n","protected":false},"excerpt":{"rendered":"<p>Pese al progreso empresarial, algo se siente \u201ctriste\u201d alrededor de la econom\u00eda mexicana y esto s\u00f3lo se puede definir con una palabra: la pobreza, dice el diario estadounidense The New York Times en un despacho publicado ayer por la noche y reproducidopor el potal de noticias SinEmbargo. Casi como una afirmaci\u00f3n, el Instituto Nacional de &hellip; <\/p>\n<p><a class=\"more-link btn\" href=\"https:\/\/lamendigapolitica.com\/?p=29117\">Seguir leyendo<\/a><\/p>\n","protected":false},"author":1,"featured_media":0,"comment_status":"open","ping_status":"closed","sticky":false,"template":"","format":"standard","meta":{"footnotes":""},"categories":[20],"tags":[],"class_list":["post-29117","post","type-post","status-publish","format-standard","hentry","category-gobierno","item-wrap"],"_links":{"self":[{"href":"https:\/\/lamendigapolitica.com\/index.php?rest_route=\/wp\/v2\/posts\/29117","targetHints":{"allow":["GET"]}}],"collection":[{"href":"https:\/\/lamendigapolitica.com\/index.php?rest_route=\/wp\/v2\/posts"}],"about":[{"href":"https:\/\/lamendigapolitica.com\/index.php?rest_route=\/wp\/v2\/types\/post"}],"author":[{"embeddable":true,"href":"https:\/\/lamendigapolitica.com\/index.php?rest_route=\/wp\/v2\/users\/1"}],"replies":[{"embeddable":true,"href":"https:\/\/lamendigapolitica.com\/index.php?rest_route=%2Fwp%2Fv2%2Fcomments&post=29117"}],"version-history":[{"count":2,"href":"https:\/\/lamendigapolitica.com\/index.php?rest_route=\/wp\/v2\/posts\/29117\/revisions"}],"predecessor-version":[{"id":29122,"href":"https:\/\/lamendigapolitica.com\/index.php?rest_route=\/wp\/v2\/posts\/29117\/revisions\/29122"}],"wp:attachment":[{"href":"https:\/\/lamendigapolitica.com\/index.php?rest_route=%2Fwp%2Fv2%2Fmedia&parent=29117"}],"wp:term":[{"taxonomy":"category","embeddable":true,"href":"https:\/\/lamendigapolitica.com\/index.php?rest_route=%2Fwp%2Fv2%2Fcategories&post=29117"},{"taxonomy":"post_tag","embeddable":true,"href":"https:\/\/lamendigapolitica.com\/index.php?rest_route=%2Fwp%2Fv2%2Ftags&post=29117"}],"curies":[{"name":"wp","href":"https:\/\/api.w.org\/{rel}","templated":true}]}}