{"id":29114,"date":"2015-09-02T12:25:35","date_gmt":"2015-09-02T17:25:35","guid":{"rendered":"http:\/\/lamendigapolitica.com\/blog\/?p=29114"},"modified":"2015-09-02T12:25:35","modified_gmt":"2015-09-02T17:25:35","slug":"el-presidente-de-guatemala-sin-inmunidad","status":"publish","type":"post","link":"https:\/\/lamendigapolitica.com\/?p=29114","title":{"rendered":"El Presidente de Guatemala, sin inmunidad"},"content":{"rendered":"<p><a href=\"https:\/\/lamendigapolitica.com\/blog\/blog\/wp-content\/uploads\/2015\/09\/presdente-de-guatemala.jpg\"><img loading=\"lazy\" decoding=\"async\" src=\"https:\/\/lamendigapolitica.com\/blog\/blog\/wp-content\/uploads\/2015\/09\/presdente-de-guatemala.jpg\" alt=\"presdente de guatemala\" width=\"275\" height=\"183\" class=\"aligncenter size-full wp-image-29115\" \/><\/a><\/p>\n<p>El Presidente de Guatemala, Otto P\u00e9rez Molina, vivi\u00f3 ayer martes el d\u00eda m\u00e1s complicado de su mandato, despu\u00e9s de que el Congreso le retirara la inmunidad y un juez dictara una orden de arraigo en su contra, por lo que la \u00fanica salida que le queda, como \u00e9l mismo dice, es enfrentar la Justicia.<\/p>\n<p>Nada m\u00e1s conocer que los 132 diputados presentes en el Congreso decidieron por unaninimidad -sin ninguna abstenci\u00f3n- quitarle el fuero al Presidente, la Fiscal\u00eda pidi\u00f3 una orden de arraigo que un juez decidi\u00f3 otorgar en pocos minutos. El objetivo, seg\u00fan explic\u00f3 la Fiscal General y Jefa del Ministerio P\u00fablico (MP), Thelma Aldana, es garantizar la presencia de P\u00e9rez Molina en el pa\u00eds durante el \u201cproceso penal\u201d en su contra ya que existe \u201cel riesgo\u201d de que salga del pa\u00eds.<\/p>\n<p>Aunque por el momento esta es la \u00fanica medida que se decidi\u00f3 adoptar, Aldana no descart\u00f3 \u201cen un corto plazo\u201d solicitar la prisi\u00f3n preventiva. La causa contra el mandatario inici\u00f3 el pasado viernes 21 de agosto, d\u00eda en que el MP y la Comisi\u00f3n Internacional Contra la Impunidad en Guatemala (CICIG) solicitaron un antejuicio contra el Presidente por tener pruebas suficientes para considerarlo uno de los l\u00edderes de la red de corrupci\u00f3n aduanera denominada \u201cLa L\u00ednea\u201d.<\/p>\n<p>Otras 28 personas est\u00e1n acusadas de participar en esta red criminal que defraud\u00f3 millones de d\u00f3lares al Estado, entre ellas su ex Vicepresidenta Roxana Baldetti, quien ya est\u00e1 en prisi\u00f3n. Este martes el Congreso fue el encargado de agilizar el proceso judicial contra el mandatario y permitir el inicio de una investigaci\u00f3n en su contra.<\/p>\n","protected":false},"excerpt":{"rendered":"<p>El Presidente de Guatemala, Otto P\u00e9rez Molina, vivi\u00f3 ayer martes el d\u00eda m\u00e1s complicado de su mandato, despu\u00e9s de que el Congreso le retirara la inmunidad y un juez dictara una orden de arraigo en su contra, por lo que la \u00fanica salida que le queda, como \u00e9l mismo dice, es enfrentar la Justicia. Nada &hellip; <\/p>\n<p><a class=\"more-link btn\" href=\"https:\/\/lamendigapolitica.com\/?p=29114\">Seguir leyendo<\/a><\/p>\n","protected":false},"author":1,"featured_media":0,"comment_status":"open","ping_status":"closed","sticky":false,"template":"","format":"standard","meta":{"footnotes":""},"categories":[20],"tags":[],"class_list":["post-29114","post","type-post","status-publish","format-standard","hentry","category-gobierno","item-wrap"],"_links":{"self":[{"href":"https:\/\/lamendigapolitica.com\/index.php?rest_route=\/wp\/v2\/posts\/29114","targetHints":{"allow":["GET"]}}],"collection":[{"href":"https:\/\/lamendigapolitica.com\/index.php?rest_route=\/wp\/v2\/posts"}],"about":[{"href":"https:\/\/lamendigapolitica.com\/index.php?rest_route=\/wp\/v2\/types\/post"}],"author":[{"embeddable":true,"href":"https:\/\/lamendigapolitica.com\/index.php?rest_route=\/wp\/v2\/users\/1"}],"replies":[{"embeddable":true,"href":"https:\/\/lamendigapolitica.com\/index.php?rest_route=%2Fwp%2Fv2%2Fcomments&post=29114"}],"version-history":[{"count":1,"href":"https:\/\/lamendigapolitica.com\/index.php?rest_route=\/wp\/v2\/posts\/29114\/revisions"}],"predecessor-version":[{"id":29116,"href":"https:\/\/lamendigapolitica.com\/index.php?rest_route=\/wp\/v2\/posts\/29114\/revisions\/29116"}],"wp:attachment":[{"href":"https:\/\/lamendigapolitica.com\/index.php?rest_route=%2Fwp%2Fv2%2Fmedia&parent=29114"}],"wp:term":[{"taxonomy":"category","embeddable":true,"href":"https:\/\/lamendigapolitica.com\/index.php?rest_route=%2Fwp%2Fv2%2Fcategories&post=29114"},{"taxonomy":"post_tag","embeddable":true,"href":"https:\/\/lamendigapolitica.com\/index.php?rest_route=%2Fwp%2Fv2%2Ftags&post=29114"}],"curies":[{"name":"wp","href":"https:\/\/api.w.org\/{rel}","templated":true}]}}