{"id":29111,"date":"2015-09-02T12:23:25","date_gmt":"2015-09-02T17:23:25","guid":{"rendered":"http:\/\/lamendigapolitica.com\/blog\/?p=29111"},"modified":"2015-09-02T12:23:25","modified_gmt":"2015-09-02T17:23:25","slug":"el-ex-dia-del-presidente-dia-de-protestas","status":"publish","type":"post","link":"https:\/\/lamendigapolitica.com\/?p=29111","title":{"rendered":"El ex D\u00eda del Presidente, d\u00eda de protestas"},"content":{"rendered":"<p><a href=\"https:\/\/lamendigapolitica.com\/blog\/blog\/wp-content\/uploads\/2015\/09\/protestas.jpg\"><img loading=\"lazy\" decoding=\"async\" class=\"aligncenter wp-image-29112 size-full\" src=\"https:\/\/lamendigapolitica.com\/blog\/blog\/wp-content\/uploads\/2015\/09\/protestas.jpg\" alt=\"protestas\" width=\"275\" height=\"183\" \/><\/a><\/p>\n<p>En el ex D\u00eda del Presidente, y horas antes de que Miguel \u00c1ngel Osorio Chong, titular de la Secretar\u00eda de Gobernaci\u00f3n (Segob) entregara al Congreso de la Uni\u00f3n el documento con el Tercer Informe de Gobierno del Presidente Enrique Pe\u00f1a Nieto, la Ciudad de M\u00e9xico fue escenario de mitines y movilizaciones de protesta contra la actual administraci\u00f3n, aunque debido a la lluvia que cay\u00f3 esta tarde en diversas zonas del Distrito Federal m\u00e1s concentraciones programadas se diluyeron, informa el portal de SinEmbargo.<\/p>\n<p>Por la ma\u00f1ana, los padres de los 43 estudiantes normalistas desaparecidos forzadamente hace casi un a\u00f1o en Iguala, Guerrero, presentaron un \u201cContra Informe\u201d en el que denunciaron que el Gobierno federal ha conducido al pa\u00eds a una crisis de derechos humanos, de la que el ataque a los estudiantes de Ayotzinapa significa \u201cla peor y m\u00e1s indignante atrocidad\u201d en la historia reciente. \u201cSintetiza\u201d, dijeron, \u201cla descomposici\u00f3n del Estado y pone al descubierto las complicidades del crimen organizado con autoridades, funcionarios y pol\u00edticos\u201d.<\/p>\n<p>En ese ataque, se dijo, adem\u00e1s de la desaparici\u00f3n de 43 estudiantes, fueron asesinadas seis personas. Asimismo cuestion\u00f3 la versi\u00f3n que dio la Procuradur\u00eda General de la Rep\u00fablica (PGR). \u201cEl d\u00eda de hoy ya nadie cree en la versi\u00f3n oficial de la supuesta \u2018verdad hist\u00f3rica\u2019 de la PGR que intenta convencernos de que la narco delincuencia fue la responsable de todo y que ya hay que dar la vuelta a la p\u00e1gina\u201d, plantearon los padres.<\/p>\n<p>El \u201cContra Informe\u201d, elaborado en conjunto con organizaciones como la Coordinadora Nacional de Trabajadores de la Educaci\u00f3n (CNTE) y el Frente Popular de la Ciudad de M\u00e9xico, hizo un recuento de lo que ha significado para el pa\u00eds la implementaci\u00f3n de las llamadas reformas estructurales impulsadas por el Gobierno federal. El texto menciona que las reformas han propiciado la privatizaci\u00f3n, la p\u00e9rdida de la soberan\u00eda, el aumento del desempleo, el \u201csaqueo\u201d de recursos naturales y \u201cdespojo\u201d territorial, la destrucci\u00f3n de ecosistemas, y la criminalizaci\u00f3n de los movimientos sociales y uso de \u201cmedidas de excepci\u00f3n\u201d para legitimar el uso de la fuerza.<\/p>\n","protected":false},"excerpt":{"rendered":"<p>En el ex D\u00eda del Presidente, y horas antes de que Miguel \u00c1ngel Osorio Chong, titular de la Secretar\u00eda de Gobernaci\u00f3n (Segob) entregara al Congreso de la Uni\u00f3n el documento con el Tercer Informe de Gobierno del Presidente Enrique Pe\u00f1a Nieto, la Ciudad de M\u00e9xico fue escenario de mitines y movilizaciones de protesta contra la &hellip; <\/p>\n<p><a class=\"more-link btn\" href=\"https:\/\/lamendigapolitica.com\/?p=29111\">Seguir leyendo<\/a><\/p>\n","protected":false},"author":1,"featured_media":0,"comment_status":"open","ping_status":"closed","sticky":false,"template":"","format":"standard","meta":{"footnotes":""},"categories":[20],"tags":[],"class_list":["post-29111","post","type-post","status-publish","format-standard","hentry","category-gobierno","item-wrap"],"_links":{"self":[{"href":"https:\/\/lamendigapolitica.com\/index.php?rest_route=\/wp\/v2\/posts\/29111","targetHints":{"allow":["GET"]}}],"collection":[{"href":"https:\/\/lamendigapolitica.com\/index.php?rest_route=\/wp\/v2\/posts"}],"about":[{"href":"https:\/\/lamendigapolitica.com\/index.php?rest_route=\/wp\/v2\/types\/post"}],"author":[{"embeddable":true,"href":"https:\/\/lamendigapolitica.com\/index.php?rest_route=\/wp\/v2\/users\/1"}],"replies":[{"embeddable":true,"href":"https:\/\/lamendigapolitica.com\/index.php?rest_route=%2Fwp%2Fv2%2Fcomments&post=29111"}],"version-history":[{"count":1,"href":"https:\/\/lamendigapolitica.com\/index.php?rest_route=\/wp\/v2\/posts\/29111\/revisions"}],"predecessor-version":[{"id":29113,"href":"https:\/\/lamendigapolitica.com\/index.php?rest_route=\/wp\/v2\/posts\/29111\/revisions\/29113"}],"wp:attachment":[{"href":"https:\/\/lamendigapolitica.com\/index.php?rest_route=%2Fwp%2Fv2%2Fmedia&parent=29111"}],"wp:term":[{"taxonomy":"category","embeddable":true,"href":"https:\/\/lamendigapolitica.com\/index.php?rest_route=%2Fwp%2Fv2%2Fcategories&post=29111"},{"taxonomy":"post_tag","embeddable":true,"href":"https:\/\/lamendigapolitica.com\/index.php?rest_route=%2Fwp%2Fv2%2Ftags&post=29111"}],"curies":[{"name":"wp","href":"https:\/\/api.w.org\/{rel}","templated":true}]}}