{"id":29079,"date":"2015-09-01T12:40:53","date_gmt":"2015-09-01T17:40:53","guid":{"rendered":"http:\/\/lamendigapolitica.com\/blog\/?p=29079"},"modified":"2015-09-01T12:40:53","modified_gmt":"2015-09-01T17:40:53","slug":"sagarpa-y-monsanto-complices","status":"publish","type":"post","link":"https:\/\/lamendigapolitica.com\/?p=29079","title":{"rendered":"Sagarpa y Monsanto, c\u00f3mplices"},"content":{"rendered":"<p><a href=\"https:\/\/lamendigapolitica.com\/blog\/blog\/wp-content\/uploads\/2015\/09\/selva.jpg\"><img loading=\"lazy\" decoding=\"async\" src=\"https:\/\/lamendigapolitica.com\/blog\/blog\/wp-content\/uploads\/2015\/09\/selva.jpg\" alt=\"selva\" width=\"259\" height=\"194\" class=\"aligncenter size-full wp-image-29080\" \/><\/a><\/p>\n<p>Organizaciones civiles denunciaron el apoyo que el Gobierno le ha dado a productores para deforestar la selva de los Chenes en Campeche a trav\u00e9s de la siembra de soya transg\u00e9nica, y acusaron a Monsanto de ser parte activa de este fen\u00f3meno, por ser el due\u00f1o de las patentes de transgenes e impugnar en los juzgados para que no se suspenda la siembra de semillas gen\u00e9ticamente modificadas, publica hoy el portal de noticias SinEmbargo.<\/p>\n<p>\u201cDentro de esta l\u00f3gica de la siembra de monocultivos, una apuesta fundamental para el Ejecutivo, en contubernio con las grandes empresas como Monsanto y Syngenta ha sido la siembra de soya gen\u00e9ticamente modificada\u201d, dijo el abogado de la organizaci\u00f3n Indignados, Jorge Fern\u00e1ndez Mendiburu. En municipio m\u00e1s afectado de Campeche, de acuerdo con 10 organizaciones civiles que firmaron un comunicado, es Hopelch\u00e9n, que entre los a\u00f1os del 2000 al 2008 perdi\u00f3 22 mil 300 hect\u00e1reas de cobertura forestal.<\/p>\n<p>Esa situaci\u00f3n se agrav\u00f3 en el 2013, cuando este n\u00famero de hect\u00e1reas ascendi\u00f3 a 38 mil, m\u00e1s que en cualquier otra entidad del pa\u00eds. De esta cuenta, las organizaciones civiles acompa\u00f1adas por Greenpeace presentaron el 24 de agosto, tanto en las delegaciones estatales de Campeche, como en las oficinas centrales, una demanda popular en la Procuradur\u00eda Federal de Protecci\u00f3n al Ambiente (Profepa) y la Comisi\u00f3n Nacional del Agua (Conagua), en la que se les insta a tomar medidas de protecci\u00f3n al ambiente.<\/p>\n<p>\u201cA la Profepa se le pide no s\u00f3lo que investigue, sino que de inmediato tome medidas para detener la deforestaci\u00f3n mientras se hace la investigaci\u00f3n\u201d, explic\u00f3 Fern\u00e1ndez. Pese a que la soya transg\u00e9nica en M\u00e9xico cuenta con tres amparos en la Suprema Corte de Justicia de la Naci\u00f3n la suspensi\u00f3n no ha sido otorgada por impugnaciones de Monsanto y la Secretar\u00eda de Agricultura, Ganader\u00eda, Desarrollo Rural, Pesca y Alimentaci\u00f3n (Sagarpa).<\/p>\n<p>\u201cSon dos temas \u00edntimamente ligados, aunque la deforestaci\u00f3n no es \u00fanicamente por la siembra de soya transg\u00e9nica, s\u00ed la siembra de soya transg\u00e9nica es un elemento fundamental de la deforestaci\u00f3n\u201d, dijo Fern\u00e1ndez. Otro de los aspectos a los que afectan los cultivos de soya transg\u00e9nica es a la producci\u00f3n de miel de la zona. De acuerdo con un reporte de la Comisi\u00f3n nacional para el conocimiento y uso de la biodiversidad del 2010, la producci\u00f3n de miel es 2.9 veces mayor que la producci\u00f3n de soya en la zona. Y las organizaciones aseveran que 40 mil familias en la Pen\u00ednsula de Yucat\u00e1n dependen de la misma.<\/p>\n","protected":false},"excerpt":{"rendered":"<p>Organizaciones civiles denunciaron el apoyo que el Gobierno le ha dado a productores para deforestar la selva de los Chenes en Campeche a trav\u00e9s de la siembra de soya transg\u00e9nica, y acusaron a Monsanto de ser parte activa de este fen\u00f3meno, por ser el due\u00f1o de las patentes de transgenes e impugnar en los juzgados &hellip; <\/p>\n<p><a class=\"more-link btn\" href=\"https:\/\/lamendigapolitica.com\/?p=29079\">Seguir leyendo<\/a><\/p>\n","protected":false},"author":1,"featured_media":0,"comment_status":"open","ping_status":"closed","sticky":false,"template":"","format":"standard","meta":{"footnotes":""},"categories":[20,3],"tags":[],"class_list":["post-29079","post","type-post","status-publish","format-standard","hentry","category-gobierno","category-politica","item-wrap"],"_links":{"self":[{"href":"https:\/\/lamendigapolitica.com\/index.php?rest_route=\/wp\/v2\/posts\/29079","targetHints":{"allow":["GET"]}}],"collection":[{"href":"https:\/\/lamendigapolitica.com\/index.php?rest_route=\/wp\/v2\/posts"}],"about":[{"href":"https:\/\/lamendigapolitica.com\/index.php?rest_route=\/wp\/v2\/types\/post"}],"author":[{"embeddable":true,"href":"https:\/\/lamendigapolitica.com\/index.php?rest_route=\/wp\/v2\/users\/1"}],"replies":[{"embeddable":true,"href":"https:\/\/lamendigapolitica.com\/index.php?rest_route=%2Fwp%2Fv2%2Fcomments&post=29079"}],"version-history":[{"count":1,"href":"https:\/\/lamendigapolitica.com\/index.php?rest_route=\/wp\/v2\/posts\/29079\/revisions"}],"predecessor-version":[{"id":29081,"href":"https:\/\/lamendigapolitica.com\/index.php?rest_route=\/wp\/v2\/posts\/29079\/revisions\/29081"}],"wp:attachment":[{"href":"https:\/\/lamendigapolitica.com\/index.php?rest_route=%2Fwp%2Fv2%2Fmedia&parent=29079"}],"wp:term":[{"taxonomy":"category","embeddable":true,"href":"https:\/\/lamendigapolitica.com\/index.php?rest_route=%2Fwp%2Fv2%2Fcategories&post=29079"},{"taxonomy":"post_tag","embeddable":true,"href":"https:\/\/lamendigapolitica.com\/index.php?rest_route=%2Fwp%2Fv2%2Ftags&post=29079"}],"curies":[{"name":"wp","href":"https:\/\/api.w.org\/{rel}","templated":true}]}}