{"id":28957,"date":"2015-08-25T15:21:10","date_gmt":"2015-08-25T20:21:10","guid":{"rendered":"http:\/\/lamendigapolitica.com\/blog\/?p=28957"},"modified":"2015-08-25T15:21:10","modified_gmt":"2015-08-25T20:21:10","slug":"las-calcetas-del-presidente","status":"publish","type":"post","link":"https:\/\/lamendigapolitica.com\/?p=28957","title":{"rendered":"Las calcetas del presidente"},"content":{"rendered":"<p><a href=\"https:\/\/lamendigapolitica.com\/blog\/blog\/wp-content\/uploads\/2015\/08\/i\u00f1iguez2.jpg\"><img loading=\"lazy\" decoding=\"async\" class=\"alignleft wp-image-28958 \" src=\"https:\/\/lamendigapolitica.com\/blog\/blog\/wp-content\/uploads\/2015\/08\/i\u00f1iguez2-150x150.jpg\" alt=\"i\u00f1iguez\" width=\"112\" height=\"112\" \/><\/a><\/p>\n<h3><span style=\"color: #003366;\">TRIBUNA\/C\u00e9sar I\u00f1iguez<\/span><\/h3>\n<p>Hace unos d\u00edas, el presidente Enrique Pe\u00f1a Nieto particip\u00f3 en una carrera pedestre que organiza cada a\u00f1o el Estado Mayor Presidencial.<\/p>\n<p>A todas luces, el publicar la participaci\u00f3n del presidente en una carrera, es con una firme intenci\u00f3n de exhibir un perfil saludable, deportista y con fuerza.<\/p>\n<p>Muy orgulloso de s\u00ed mismo, subi\u00f3 algunas fotos de su recorrido y presumi\u00f3 su tiempo, los nada malos 50 minutos en los 10 kil\u00f3metros que corri\u00f3.<\/p>\n<p>Para su mala fortuna, la nota period\u00edstica de la carrera no la dio el recorrido, ni el motivo de la carrera, ni mucho menos el tiempo del mandatario; la nota fueron las calcetas que us\u00f3, que por una parte de color gris en su dise\u00f1o, visible justo en el empeine, aparentaban estar mal puestas y al rev\u00e9s.<\/p>\n<p>Una raya m\u00e1s al tigre. Mucha gente crey\u00f3, con los antecedentes y con las no pocas pifias del Presidente, que era algo real.<\/p>\n<p>Algunas horas despu\u00e9s salieron algunos seguidores de Pe\u00f1a en las redes, a exhibir el supuesto dise\u00f1o de las calcetas que utiliz\u00f3 durante la carrera, y efectivamente los estampados grises, que regularmente van en el tal\u00f3n, los ten\u00eda por ambos lados.<\/p>\n<p>El escarnio era tal en las redes, que el propio Presidente desde su cuenta de Facebook un par de d\u00edas despu\u00e9s tuvo que salir a aclarar y subir una fotograf\u00eda de sus calcetas con la leyenda: \u00abAclarando el calcetagate\u00bb.<\/p>\n<p>Lo delicado del asunto no es, si se puso o no las calcetas al rev\u00e9s, sino la rapidez con la que Pe\u00f1a intenta aclarar un tema superficial y superfluo como unas calcetas.<\/p>\n<p>En ese caso, est\u00e1n pendientes los casos del #Ayotzinapagate, la #Violenciagate, la inminente #Crisisgate.<\/p>\n<p>Le sali\u00f3 peor al Presidente, porque despu\u00e9s de subir la foto de sus calcetas, todo mundo comenz\u00f3 a preguntarle \u00bfy lo dem\u00e1s, cu\u00e1ndo se aclara?<\/p>\n<p>Todav\u00eda algo nuevo ocurri\u00f3, la salida en escena de Virgilio Andrade, aqu\u00e9l secretario de la funci\u00f3n p\u00fablica, comisionado para indagar el conflicto de intereses en la Casa Blanca de Pe\u00f1a y su se{ora, as\u00ed como la casa del Secretario de Hacienda, Luis Videgaray.<\/p>\n<p>Tres d\u00edas despu\u00e9s de que Pe\u00f1a subi\u00f3 la foto de sus calcetas y en medio de una andanada de cr\u00edticas, Virgilio Andrade sali\u00f3 a decir que exoneraba al Presidente, a su se\u00f1ora y a Videgaray, porque los inmuebles en sospecha fueron adquiridos con toda legalidad, dijo.<\/p>\n<p>Todo esto ocurre mientras padecemos la inseguridad, el estancamiento econ\u00f3mico y vivimos con el miedo y la zozobra de una inminente gran devaluaci\u00f3n, de esas, de las que acostumbra a sacar el PRI.<\/p>\n<p>La crisis de las calcetas revela la manera de procesar los problemas de este gobierno, revela lo que realmente le importa, la imagen y la frivolidad; todo, por unas m\u00edseras calcetas.<\/p>\n<p>Twitter: @CesarIniguezG<\/p>\n<p>Facebook: C\u00e9sar I\u00f1iguez<\/p>\n<p>cesar_iniguez@hotmail.com<\/p>\n","protected":false},"excerpt":{"rendered":"<p>TRIBUNA\/C\u00e9sar I\u00f1iguez Hace unos d\u00edas, el presidente Enrique Pe\u00f1a Nieto particip\u00f3 en una carrera pedestre que organiza cada a\u00f1o el Estado Mayor Presidencial. A todas luces, el publicar la participaci\u00f3n del presidente en una carrera, es con una firme intenci\u00f3n de exhibir un perfil saludable, deportista y con fuerza. Muy orgulloso de s\u00ed mismo, subi\u00f3 &hellip; <\/p>\n<p><a class=\"more-link btn\" href=\"https:\/\/lamendigapolitica.com\/?p=28957\">Seguir leyendo<\/a><\/p>\n","protected":false},"author":1,"featured_media":0,"comment_status":"open","ping_status":"closed","sticky":false,"template":"","format":"standard","meta":{"footnotes":""},"categories":[1,6,20,5,3],"tags":[],"class_list":["post-28957","post","type-post","status-publish","format-standard","hentry","category-columnista","category-congreso","category-gobierno","category-partidos","category-politica","item-wrap"],"_links":{"self":[{"href":"https:\/\/lamendigapolitica.com\/index.php?rest_route=\/wp\/v2\/posts\/28957","targetHints":{"allow":["GET"]}}],"collection":[{"href":"https:\/\/lamendigapolitica.com\/index.php?rest_route=\/wp\/v2\/posts"}],"about":[{"href":"https:\/\/lamendigapolitica.com\/index.php?rest_route=\/wp\/v2\/types\/post"}],"author":[{"embeddable":true,"href":"https:\/\/lamendigapolitica.com\/index.php?rest_route=\/wp\/v2\/users\/1"}],"replies":[{"embeddable":true,"href":"https:\/\/lamendigapolitica.com\/index.php?rest_route=%2Fwp%2Fv2%2Fcomments&post=28957"}],"version-history":[{"count":1,"href":"https:\/\/lamendigapolitica.com\/index.php?rest_route=\/wp\/v2\/posts\/28957\/revisions"}],"predecessor-version":[{"id":28959,"href":"https:\/\/lamendigapolitica.com\/index.php?rest_route=\/wp\/v2\/posts\/28957\/revisions\/28959"}],"wp:attachment":[{"href":"https:\/\/lamendigapolitica.com\/index.php?rest_route=%2Fwp%2Fv2%2Fmedia&parent=28957"}],"wp:term":[{"taxonomy":"category","embeddable":true,"href":"https:\/\/lamendigapolitica.com\/index.php?rest_route=%2Fwp%2Fv2%2Fcategories&post=28957"},{"taxonomy":"post_tag","embeddable":true,"href":"https:\/\/lamendigapolitica.com\/index.php?rest_route=%2Fwp%2Fv2%2Ftags&post=28957"}],"curies":[{"name":"wp","href":"https:\/\/api.w.org\/{rel}","templated":true}]}}