{"id":28425,"date":"2015-07-31T12:45:30","date_gmt":"2015-07-31T17:45:30","guid":{"rendered":"http:\/\/lamendigapolitica.com\/blog\/?p=28425"},"modified":"2015-07-31T12:45:30","modified_gmt":"2015-07-31T17:45:30","slug":"epn-con-el-nivel-mas-bajo-de-aprobacion","status":"publish","type":"post","link":"https:\/\/lamendigapolitica.com\/?p=28425","title":{"rendered":"EPN con el nivel m\u00e1s bajo de aprobaci\u00f3n,"},"content":{"rendered":"<p><a href=\"https:\/\/lamendigapolitica.com\/blog\/blog\/wp-content\/uploads\/2015\/07\/pe\u00f1a1.jpg\"><img loading=\"lazy\" decoding=\"async\" src=\"https:\/\/lamendigapolitica.com\/blog\/blog\/wp-content\/uploads\/2015\/07\/pe\u00f1a1.jpg\" alt=\"pe\u00f1a\" width=\"290\" height=\"174\" class=\"aligncenter size-full wp-image-28426\" \/><\/a><\/p>\n<p>La aprobaci\u00f3n de Enrique Pe\u00f1a Nieto lleg\u00f3 a su nivel m\u00e1s bajo desde que inici\u00f3 su gesti\u00f3n al pasar de 39 a 34 por ciento en el \u00faltimo cuatrimestre, en tanto que la desaprobaci\u00f3n aument\u00f3 de 57 a 64 por ciento, revela la octava evaluaci\u00f3n del Presidente publicada este d\u00eda por el diario Reforma.<\/p>\n<p>Entre l\u00edderes de opini\u00f3n, la aprobaci\u00f3n de Enrique Pe\u00f1a Nieto toc\u00f3 su punto m\u00e1s bajo al situarse en 15 por ciento, mientras que la desaprobaci\u00f3n lleg\u00f3 84 por ciento. En ciudadanos, la aprobaci\u00f3n se situ\u00f3 en 34 por ciento, mientras que la desaprobaci\u00f3n se ubic\u00f3 en 64 por ciento,  tambi\u00e9n toc\u00f3 su punto m\u00e1s bajo entre ciudadanos y l\u00edderes con calificaciones de 4.7 y 3.3, respectivamente. En entrevista, ambos acuerdan que la corrupci\u00f3n es el rubro peor manejado en la administraci\u00f3n del priista.<\/p>\n<p>De acuerdo con la encuesta seis de cada 10 ciudadanos dudan que los viajes oficiales que el Presidente Pe\u00f1a Nieto realiza al extranjero traigan beneficios para el pa\u00eds. Los ciudadanos que m\u00e1s desaprueban la labor del Presidente son los de escolaridad superior (76 por ciento), los j\u00f3venes de 18 a 29 a\u00f1os (68 por ciento), y aquellos que viven en la regi\u00f3n centro del pa\u00eds (68 por ciento). De acuerdo con el estudio, el 75 por ciento de los ciudadanos calific\u00f3 \u201cmal\u201d la forma en que el Gobierno est\u00e1 tratando el combate al narcotr\u00e1fico, y 79 por ciento da esa misma respuesta sobre la fuga de \u201cEl Chapo\u201d.<\/p>\n<p>El 87 por ciento de los encuestados, dijo que \u201cEl Chapo\u201d tuvo ayuda de funcionarios para fugarse de la prisi\u00f3n; el 40 por ciento cree que el Gobierno no actuar\u00e1 contra ning\u00fan funcionario, mientras que 37 por ciento opin\u00f3 que s\u00f3lo ir\u00e1 contra personal de niveles bajos. La encuesta nacional de Grupo Reforma fue aplicada a mil 200 adultos en todo el pa\u00eds del 23 al 26 de julio, y un sondeo a mil 33 l\u00edderes de opini\u00f3n v\u00eda correo electr\u00f3nico del 23 al 29 de julio.<\/p>\n","protected":false},"excerpt":{"rendered":"<p>La aprobaci\u00f3n de Enrique Pe\u00f1a Nieto lleg\u00f3 a su nivel m\u00e1s bajo desde que inici\u00f3 su gesti\u00f3n al pasar de 39 a 34 por ciento en el \u00faltimo cuatrimestre, en tanto que la desaprobaci\u00f3n aument\u00f3 de 57 a 64 por ciento, revela la octava evaluaci\u00f3n del Presidente publicada este d\u00eda por el diario Reforma. Entre &hellip; <\/p>\n<p><a class=\"more-link btn\" href=\"https:\/\/lamendigapolitica.com\/?p=28425\">Seguir leyendo<\/a><\/p>\n","protected":false},"author":1,"featured_media":0,"comment_status":"open","ping_status":"closed","sticky":false,"template":"","format":"standard","meta":{"footnotes":""},"categories":[20,3],"tags":[],"class_list":["post-28425","post","type-post","status-publish","format-standard","hentry","category-gobierno","category-politica","item-wrap"],"_links":{"self":[{"href":"https:\/\/lamendigapolitica.com\/index.php?rest_route=\/wp\/v2\/posts\/28425","targetHints":{"allow":["GET"]}}],"collection":[{"href":"https:\/\/lamendigapolitica.com\/index.php?rest_route=\/wp\/v2\/posts"}],"about":[{"href":"https:\/\/lamendigapolitica.com\/index.php?rest_route=\/wp\/v2\/types\/post"}],"author":[{"embeddable":true,"href":"https:\/\/lamendigapolitica.com\/index.php?rest_route=\/wp\/v2\/users\/1"}],"replies":[{"embeddable":true,"href":"https:\/\/lamendigapolitica.com\/index.php?rest_route=%2Fwp%2Fv2%2Fcomments&post=28425"}],"version-history":[{"count":1,"href":"https:\/\/lamendigapolitica.com\/index.php?rest_route=\/wp\/v2\/posts\/28425\/revisions"}],"predecessor-version":[{"id":28427,"href":"https:\/\/lamendigapolitica.com\/index.php?rest_route=\/wp\/v2\/posts\/28425\/revisions\/28427"}],"wp:attachment":[{"href":"https:\/\/lamendigapolitica.com\/index.php?rest_route=%2Fwp%2Fv2%2Fmedia&parent=28425"}],"wp:term":[{"taxonomy":"category","embeddable":true,"href":"https:\/\/lamendigapolitica.com\/index.php?rest_route=%2Fwp%2Fv2%2Fcategories&post=28425"},{"taxonomy":"post_tag","embeddable":true,"href":"https:\/\/lamendigapolitica.com\/index.php?rest_route=%2Fwp%2Fv2%2Ftags&post=28425"}],"curies":[{"name":"wp","href":"https:\/\/api.w.org\/{rel}","templated":true}]}}