{"id":28419,"date":"2015-07-31T12:31:18","date_gmt":"2015-07-31T17:31:18","guid":{"rendered":"http:\/\/lamendigapolitica.com\/blog\/?p=28419"},"modified":"2015-07-31T12:31:18","modified_gmt":"2015-07-31T17:31:18","slug":"trabajadores-del-imss-protestan-en-df","status":"publish","type":"post","link":"https:\/\/lamendigapolitica.com\/?p=28419","title":{"rendered":"Trabajadores del IMSS protestan en DF"},"content":{"rendered":"<p><a href=\"https:\/\/lamendigapolitica.com\/blog\/blog\/wp-content\/uploads\/2015\/07\/omss.jpg\"><img loading=\"lazy\" decoding=\"async\" class=\"aligncenter  wp-image-28420\" src=\"https:\/\/lamendigapolitica.com\/blog\/blog\/wp-content\/uploads\/2015\/07\/omss.jpg\" alt=\"omss\" width=\"377\" height=\"251\" \/><\/a><\/p>\n<p>Alrededor de 50 personas se manifestaron frente a las oficinas del Instituto Mexicano del Seguro Social (IMSS), las cuales est\u00e1n ubicadas en la Avenida Paseo de la Reforma, contra la supuesta privatizaci\u00f3n del servicio de salud en el pa\u00eds.<\/p>\n<p>A las 08:00 horas los manifestantes cerraron un tramo de la lateral del Paseo de la Reforma entre la glorieta de la Diana y la Estela de Luz.Los inconformes portan pancartas en las que exigen mejores condiciones laborales. Denunciaron que con una reforma a los estatutos del IMSS se pretende retirar derechos a los trabajadores como su jubilaci\u00f3n,<\/p>\n<p>Asimismo, se\u00f1alaron que ya existen recortes financieros contra la instituci\u00f3n que han causado baja en los pr\u00f3ximos salarios para los trabajadores, as\u00ed como carencias de insumos para proporcionar 250 mil consultas y mil 200 partos al d\u00eda. Bajo el hashtag #EnDefensaDelIMSS en redes sociales los trabajadores llamaron a marchas en varios estados de la Rep\u00fablica Mexicana en diferentes horarios del d\u00eda.<\/p>\n<p>En total se espera que sean 14 estados y 18 ciudades las tengan movilizaciones este viernes.Las marchas se realizar\u00e1n en Chihuahua, San Lu\u00eds Potos\u00ed, Sinaloa, Nayarit, Michoac\u00e1n, Baja California, Jalisco, Campeche, Tamaulipas, Monterrey, Veracruz, Chiapas, Puebla, Quinta Roo y en la Ciudad de M\u00e9xico son algunas de las entidades que participar\u00e1n durante la jornada.<\/p>\n","protected":false},"excerpt":{"rendered":"<p>Alrededor de 50 personas se manifestaron frente a las oficinas del Instituto Mexicano del Seguro Social (IMSS), las cuales est\u00e1n ubicadas en la Avenida Paseo de la Reforma, contra la supuesta privatizaci\u00f3n del servicio de salud en el pa\u00eds. A las 08:00 horas los manifestantes cerraron un tramo de la lateral del Paseo de la &hellip; <\/p>\n<p><a class=\"more-link btn\" href=\"https:\/\/lamendigapolitica.com\/?p=28419\">Seguir leyendo<\/a><\/p>\n","protected":false},"author":1,"featured_media":0,"comment_status":"open","ping_status":"closed","sticky":false,"template":"","format":"standard","meta":{"footnotes":""},"categories":[20,3],"tags":[],"class_list":["post-28419","post","type-post","status-publish","format-standard","hentry","category-gobierno","category-politica","item-wrap"],"_links":{"self":[{"href":"https:\/\/lamendigapolitica.com\/index.php?rest_route=\/wp\/v2\/posts\/28419","targetHints":{"allow":["GET"]}}],"collection":[{"href":"https:\/\/lamendigapolitica.com\/index.php?rest_route=\/wp\/v2\/posts"}],"about":[{"href":"https:\/\/lamendigapolitica.com\/index.php?rest_route=\/wp\/v2\/types\/post"}],"author":[{"embeddable":true,"href":"https:\/\/lamendigapolitica.com\/index.php?rest_route=\/wp\/v2\/users\/1"}],"replies":[{"embeddable":true,"href":"https:\/\/lamendigapolitica.com\/index.php?rest_route=%2Fwp%2Fv2%2Fcomments&post=28419"}],"version-history":[{"count":1,"href":"https:\/\/lamendigapolitica.com\/index.php?rest_route=\/wp\/v2\/posts\/28419\/revisions"}],"predecessor-version":[{"id":28421,"href":"https:\/\/lamendigapolitica.com\/index.php?rest_route=\/wp\/v2\/posts\/28419\/revisions\/28421"}],"wp:attachment":[{"href":"https:\/\/lamendigapolitica.com\/index.php?rest_route=%2Fwp%2Fv2%2Fmedia&parent=28419"}],"wp:term":[{"taxonomy":"category","embeddable":true,"href":"https:\/\/lamendigapolitica.com\/index.php?rest_route=%2Fwp%2Fv2%2Fcategories&post=28419"},{"taxonomy":"post_tag","embeddable":true,"href":"https:\/\/lamendigapolitica.com\/index.php?rest_route=%2Fwp%2Fv2%2Ftags&post=28419"}],"curies":[{"name":"wp","href":"https:\/\/api.w.org\/{rel}","templated":true}]}}