{"id":28406,"date":"2015-07-30T13:08:08","date_gmt":"2015-07-30T18:08:08","guid":{"rendered":"http:\/\/lamendigapolitica.com\/blog\/?p=28406"},"modified":"2015-07-30T13:08:08","modified_gmt":"2015-07-30T18:08:08","slug":"concluye-la-emergencia-del-volcan-de-fuego-de-colima","status":"publish","type":"post","link":"https:\/\/lamendigapolitica.com\/?p=28406","title":{"rendered":"Concluye la emergencia del Volc\u00e1n de Fuego de Colima"},"content":{"rendered":"<p><a href=\"https:\/\/lamendigapolitica.com\/blog\/blog\/wp-content\/uploads\/2015\/07\/volcan2.jpg\"><img loading=\"lazy\" decoding=\"async\" src=\"https:\/\/lamendigapolitica.com\/blog\/blog\/wp-content\/uploads\/2015\/07\/volcan2.jpg\" alt=\"volcan\" width=\"287\" height=\"176\" class=\"aligncenter size-full wp-image-28407\" \/><\/a><\/p>\n<p>La Secretar\u00eda de Gobernaci\u00f3n dio a conocer este jueves el aviso de t\u00e9rmino de la Declaratoria de Emergencia para cinco municipios de Colima por la presencia de erupci\u00f3n volc\u00e1nica.<\/p>\n<p>Gobernaci\u00f3n dio por terminada la emergencia en las alcald\u00edas de Colima, Comala, Coquimatl\u00e1n, Cuauht\u00e9moc y Villa de \u00c1lvarez<\/p>\n<p>De acuerdo con el Diario Oficial de la Federaci\u00f3n, la declaratoria de emergencia fue emitida el 12 de julio pasado por las afectaciones que caus\u00f3 la actividad eruptiva del Volc\u00e1n de Fuego de Colima durante los d\u00edas 10 y 11 de julio.<\/p>\n<p>La dependencia concluy\u00f3 la medida en las alcald\u00edas de Colima, Comala, Coquimatl\u00e1n, Cuauht\u00e9moc y Villa de \u00c1lvarez, debido a que en los las causas de la declaratoria ya no persisten.<\/p>\n","protected":false},"excerpt":{"rendered":"<p>La Secretar\u00eda de Gobernaci\u00f3n dio a conocer este jueves el aviso de t\u00e9rmino de la Declaratoria de Emergencia para cinco municipios de Colima por la presencia de erupci\u00f3n volc\u00e1nica. Gobernaci\u00f3n dio por terminada la emergencia en las alcald\u00edas de Colima, Comala, Coquimatl\u00e1n, Cuauht\u00e9moc y Villa de \u00c1lvarez De acuerdo con el Diario Oficial de la &hellip; <\/p>\n<p><a class=\"more-link btn\" href=\"https:\/\/lamendigapolitica.com\/?p=28406\">Seguir leyendo<\/a><\/p>\n","protected":false},"author":1,"featured_media":0,"comment_status":"open","ping_status":"closed","sticky":false,"template":"","format":"standard","meta":{"footnotes":""},"categories":[20,27],"tags":[],"class_list":["post-28406","post","type-post","status-publish","format-standard","hentry","category-gobierno","category-seguridad","item-wrap"],"_links":{"self":[{"href":"https:\/\/lamendigapolitica.com\/index.php?rest_route=\/wp\/v2\/posts\/28406","targetHints":{"allow":["GET"]}}],"collection":[{"href":"https:\/\/lamendigapolitica.com\/index.php?rest_route=\/wp\/v2\/posts"}],"about":[{"href":"https:\/\/lamendigapolitica.com\/index.php?rest_route=\/wp\/v2\/types\/post"}],"author":[{"embeddable":true,"href":"https:\/\/lamendigapolitica.com\/index.php?rest_route=\/wp\/v2\/users\/1"}],"replies":[{"embeddable":true,"href":"https:\/\/lamendigapolitica.com\/index.php?rest_route=%2Fwp%2Fv2%2Fcomments&post=28406"}],"version-history":[{"count":1,"href":"https:\/\/lamendigapolitica.com\/index.php?rest_route=\/wp\/v2\/posts\/28406\/revisions"}],"predecessor-version":[{"id":28408,"href":"https:\/\/lamendigapolitica.com\/index.php?rest_route=\/wp\/v2\/posts\/28406\/revisions\/28408"}],"wp:attachment":[{"href":"https:\/\/lamendigapolitica.com\/index.php?rest_route=%2Fwp%2Fv2%2Fmedia&parent=28406"}],"wp:term":[{"taxonomy":"category","embeddable":true,"href":"https:\/\/lamendigapolitica.com\/index.php?rest_route=%2Fwp%2Fv2%2Fcategories&post=28406"},{"taxonomy":"post_tag","embeddable":true,"href":"https:\/\/lamendigapolitica.com\/index.php?rest_route=%2Fwp%2Fv2%2Ftags&post=28406"}],"curies":[{"name":"wp","href":"https:\/\/api.w.org\/{rel}","templated":true}]}}