{"id":28381,"date":"2015-07-29T12:58:11","date_gmt":"2015-07-29T17:58:11","guid":{"rendered":"http:\/\/lamendigapolitica.com\/blog\/?p=28381"},"modified":"2015-07-29T12:58:11","modified_gmt":"2015-07-29T17:58:11","slug":"cepal-recorta-prevision-del-pib-de-mexico-de-3-a-2-4-2","status":"publish","type":"post","link":"https:\/\/lamendigapolitica.com\/?p=28381","title":{"rendered":"Cepal recorta previsi\u00f3n del PIB de M\u00e9xico de 3% a 2.4%"},"content":{"rendered":"<p><a href=\"https:\/\/lamendigapolitica.com\/blog\/blog\/wp-content\/uploads\/2015\/07\/ceapal.jpg\"><img loading=\"lazy\" decoding=\"async\" class=\"aligncenter  wp-image-28382\" src=\"https:\/\/lamendigapolitica.com\/blog\/blog\/wp-content\/uploads\/2015\/07\/ceapal.jpg\" alt=\"ceapal\" width=\"314\" height=\"234\" \/><\/a><\/p>\n<p>La Comisi\u00f3n Econ\u00f3mica de Am\u00e9rica Latina y el Caribe (Cepal) redujo nuevamente la estimaci\u00f3n de crecimiento para el 2015 en la econom\u00eda mexicana a 2.4%, en lugar del 3% de abril pasado y del 3.2% a fines del 2014. Tambi\u00e9n moder\u00f3 sus pron\u00f3sticos para la regi\u00f3n al estimar un crecimiento de solamente 0.5%,  desde un previo de 1%,  especialmente por la contracci\u00f3n econ\u00f3mica de Am\u00e9rica del Sur de 0.4%.<\/p>\n<p>El mayor crecimiento lo tendr\u00e1 Panam\u00e1 con 6%, Rep\u00fablica Dominicana y Nicaragua con 4.8% cada uno. En tanto que los peores aumentos del PIB ser\u00e1n para Brasil con menos 1.5% y Venezuela con una ca\u00edda de 5.5%.<\/p>\n<p>En videoconferencia, la secretaria Ejecutiva de la Cepal, Alicia B\u00e1rcena, dijo que la desaceleraci\u00f3n econ\u00f3mica se debe a factores externos e internos, como el lento crecimiento de la econom\u00eda mundial en 2015, que fue peor que en 2013 y 2014 sobre todo para Sudam\u00e9rica; la desaceleraci\u00f3n de China y la de otras econom\u00edas emergentes.<\/p>\n<p>Lo que llevar\u00e1 a un incremento de la tasa de desempleo que subir\u00e1 de 6% a 6.5% en la regi\u00f3n.<\/p>\n","protected":false},"excerpt":{"rendered":"<p>La Comisi\u00f3n Econ\u00f3mica de Am\u00e9rica Latina y el Caribe (Cepal) redujo nuevamente la estimaci\u00f3n de crecimiento para el 2015 en la econom\u00eda mexicana a 2.4%, en lugar del 3% de abril pasado y del 3.2% a fines del 2014. Tambi\u00e9n moder\u00f3 sus pron\u00f3sticos para la regi\u00f3n al estimar un crecimiento de solamente 0.5%, desde un &hellip; <\/p>\n<p><a class=\"more-link btn\" href=\"https:\/\/lamendigapolitica.com\/?p=28381\">Seguir leyendo<\/a><\/p>\n","protected":false},"author":1,"featured_media":0,"comment_status":"open","ping_status":"closed","sticky":false,"template":"","format":"standard","meta":{"footnotes":""},"categories":[30,20],"tags":[],"class_list":["post-28381","post","type-post","status-publish","format-standard","hentry","category-economia","category-gobierno","item-wrap"],"_links":{"self":[{"href":"https:\/\/lamendigapolitica.com\/index.php?rest_route=\/wp\/v2\/posts\/28381","targetHints":{"allow":["GET"]}}],"collection":[{"href":"https:\/\/lamendigapolitica.com\/index.php?rest_route=\/wp\/v2\/posts"}],"about":[{"href":"https:\/\/lamendigapolitica.com\/index.php?rest_route=\/wp\/v2\/types\/post"}],"author":[{"embeddable":true,"href":"https:\/\/lamendigapolitica.com\/index.php?rest_route=\/wp\/v2\/users\/1"}],"replies":[{"embeddable":true,"href":"https:\/\/lamendigapolitica.com\/index.php?rest_route=%2Fwp%2Fv2%2Fcomments&post=28381"}],"version-history":[{"count":1,"href":"https:\/\/lamendigapolitica.com\/index.php?rest_route=\/wp\/v2\/posts\/28381\/revisions"}],"predecessor-version":[{"id":28383,"href":"https:\/\/lamendigapolitica.com\/index.php?rest_route=\/wp\/v2\/posts\/28381\/revisions\/28383"}],"wp:attachment":[{"href":"https:\/\/lamendigapolitica.com\/index.php?rest_route=%2Fwp%2Fv2%2Fmedia&parent=28381"}],"wp:term":[{"taxonomy":"category","embeddable":true,"href":"https:\/\/lamendigapolitica.com\/index.php?rest_route=%2Fwp%2Fv2%2Fcategories&post=28381"},{"taxonomy":"post_tag","embeddable":true,"href":"https:\/\/lamendigapolitica.com\/index.php?rest_route=%2Fwp%2Fv2%2Ftags&post=28381"}],"curies":[{"name":"wp","href":"https:\/\/api.w.org\/{rel}","templated":true}]}}