{"id":28338,"date":"2015-07-28T14:22:58","date_gmt":"2015-07-28T19:22:58","guid":{"rendered":"http:\/\/lamendigapolitica.com\/blog\/?p=28338"},"modified":"2015-07-28T14:22:58","modified_gmt":"2015-07-28T19:22:58","slug":"alcaldes-metropolitanos-retomaran-atribuciones-en-temas-de-movilidad","status":"publish","type":"post","link":"https:\/\/lamendigapolitica.com\/?p=28338","title":{"rendered":"Alcaldes metropolitanos retomar\u00e1n atribuciones en temas de movilidad"},"content":{"rendered":"<p><a href=\"https:\/\/lamendigapolitica.com\/blog\/blog\/wp-content\/uploads\/2015\/07\/20096508961_7fffdd69e2_m.jpg\"><img loading=\"lazy\" decoding=\"async\" class=\"aligncenter  wp-image-28339\" src=\"https:\/\/lamendigapolitica.com\/blog\/blog\/wp-content\/uploads\/2015\/07\/20096508961_7fffdd69e2_m.jpg\" alt=\"20096508961_7fffdd69e2_m\" width=\"365\" height=\"243\" \/><\/a><\/p>\n<p>Alcaldes electos de Movimiento Ciudadano de la zona metropolitana anunciaron que retomar\u00e1n la atribuci\u00f3n que la Constituci\u00f3n Pol\u00edtica Mexicana, en el Art\u00edculo 115, inciso III, da en materia de movilidad y tr\u00e1nsito a los ayuntamientos, creando ua oficina de enlace con la dependencia estatal, en el caso de Guadalajara se present\u00f3 al activista Mario Silva como encargado de esta tarea.<\/p>\n<p>Enrique Alfaro Ram\u00edrez, Mar\u00eda Elena Lim\u00f3n y Pablo Lemus, presidentes municipales electos de Guadalajara, Tlaquepaque y Zapopan, en rueda de prensa dieron a conocer lo anterior se\u00f1alando que la oficina tendr\u00e1 dos funciones \u201cque establece la Constituci\u00f3n tienen los municipios: los temas de vialidad y tr\u00e1nsito. Por supuesto, para poder participar como lo establece tambi\u00e9n nuestro marco legal, con voz, con una opini\u00f3n permanente en las decisiones del transporte p\u00fablico\u201d, se\u00f1al\u00f3 Enrique Alfaro.<\/p>\n<p>Dieron a conocer una solicitud de informaci\u00f3n respecto de la l\u00ednea 3 del Tren El\u00e9ctrico es primordial, por lo que se entregar\u00e1 una petici\u00f3n de 43 puntos dirigida al Lic. Gerardo Ruiz Esparza, Secretario de Comunicaciones y Transportes del Gobierno Federal, as\u00ed como al Gobernador del Estado de Jalisco, Arist\u00f3teles Sandoval, y a los Presidentes Municipales de Guadalajara, Zapopan y Tlaquepaque.<\/p>\n<p>\u201cNo podemos permitir que una obra de esta magnitud se siga desarrollando en los municipios sin que \u00e9stos tengan informaci\u00f3n b\u00e1sica del proyecto, sus tiempos de ejecuci\u00f3n, las caracter\u00edsticas t\u00e9cnicas y las afectaciones que tendr\u00e1n los vecinos y habitantes de la zona metropolitana\u201d, \u201cNuestro \u00fanico prop\u00f3sito es que nuestra Ciudad se vuelva a mover y se mueva bien\u201d, concluy\u00f3 Alfaro.<\/p>\n","protected":false},"excerpt":{"rendered":"<p>Alcaldes electos de Movimiento Ciudadano de la zona metropolitana anunciaron que retomar\u00e1n la atribuci\u00f3n que la Constituci\u00f3n Pol\u00edtica Mexicana, en el Art\u00edculo 115, inciso III, da en materia de movilidad y tr\u00e1nsito a los ayuntamientos, creando ua oficina de enlace con la dependencia estatal, en el caso de Guadalajara se present\u00f3 al activista Mario Silva &hellip; <\/p>\n<p><a class=\"more-link btn\" href=\"https:\/\/lamendigapolitica.com\/?p=28338\">Seguir leyendo<\/a><\/p>\n","protected":false},"author":1,"featured_media":0,"comment_status":"open","ping_status":"closed","sticky":false,"template":"","format":"standard","meta":{"footnotes":""},"categories":[20,5,3],"tags":[],"class_list":["post-28338","post","type-post","status-publish","format-standard","hentry","category-gobierno","category-partidos","category-politica","item-wrap"],"_links":{"self":[{"href":"https:\/\/lamendigapolitica.com\/index.php?rest_route=\/wp\/v2\/posts\/28338","targetHints":{"allow":["GET"]}}],"collection":[{"href":"https:\/\/lamendigapolitica.com\/index.php?rest_route=\/wp\/v2\/posts"}],"about":[{"href":"https:\/\/lamendigapolitica.com\/index.php?rest_route=\/wp\/v2\/types\/post"}],"author":[{"embeddable":true,"href":"https:\/\/lamendigapolitica.com\/index.php?rest_route=\/wp\/v2\/users\/1"}],"replies":[{"embeddable":true,"href":"https:\/\/lamendigapolitica.com\/index.php?rest_route=%2Fwp%2Fv2%2Fcomments&post=28338"}],"version-history":[{"count":2,"href":"https:\/\/lamendigapolitica.com\/index.php?rest_route=\/wp\/v2\/posts\/28338\/revisions"}],"predecessor-version":[{"id":28927,"href":"https:\/\/lamendigapolitica.com\/index.php?rest_route=\/wp\/v2\/posts\/28338\/revisions\/28927"}],"wp:attachment":[{"href":"https:\/\/lamendigapolitica.com\/index.php?rest_route=%2Fwp%2Fv2%2Fmedia&parent=28338"}],"wp:term":[{"taxonomy":"category","embeddable":true,"href":"https:\/\/lamendigapolitica.com\/index.php?rest_route=%2Fwp%2Fv2%2Fcategories&post=28338"},{"taxonomy":"post_tag","embeddable":true,"href":"https:\/\/lamendigapolitica.com\/index.php?rest_route=%2Fwp%2Fv2%2Ftags&post=28338"}],"curies":[{"name":"wp","href":"https:\/\/api.w.org\/{rel}","templated":true}]}}