{"id":28329,"date":"2015-07-28T13:56:34","date_gmt":"2015-07-28T18:56:34","guid":{"rendered":"http:\/\/lamendigapolitica.com\/blog\/?p=28329"},"modified":"2015-07-28T13:56:34","modified_gmt":"2015-07-28T18:56:34","slug":"se-unen-a-la-caceria-de-el-chapo-los-que-atraparon-a-escobar","status":"publish","type":"post","link":"https:\/\/lamendigapolitica.com\/?p=28329","title":{"rendered":"Se unen a la \u2018cacer\u00eda\u2019 de \u2018El Chapo\u2019 los que atraparon a Escobar"},"content":{"rendered":"<p><a href=\"https:\/\/lamendigapolitica.com\/blog\/blog\/wp-content\/uploads\/2015\/07\/chapo4.jpg\"><img loading=\"lazy\" decoding=\"async\" src=\"https:\/\/lamendigapolitica.com\/blog\/blog\/wp-content\/uploads\/2015\/07\/chapo4.jpg\" alt=\"chapo\" width=\"240\" height=\"208\" class=\"aligncenter size-full wp-image-28319\" \/><\/a><\/p>\n<p>Colombia se uni\u00f3 a M\u00e9xico con un grupo \u00e9lite para buscar al narcotraficante Joaqu\u00edn \u201cEl Chapo\u201d Guzm\u00e1n, en el marco de los acuerdos de cooperaci\u00f3n en asuntos de seguridad, revel\u00f3 este martes el diario local El Tiempo.<\/p>\n<p>Tres generales en retiro y seis oficiales activos de la Polic\u00eda Nacional de Colombia forman parte \u201cde la comisi\u00f3n \u00e9lite que esta instituci\u00f3n envi\u00f3 a M\u00e9xico para apoyar (en) la cacer\u00eda del capo\u201d, inform\u00f3 el peri\u00f3dico. En el sistema Platinum de Colombia, que consigna informaci\u00f3n de los viajeros, se incluyeron datos biom\u00e9tricos del capo mexicano<\/p>\n<p>El diario confirm\u00f3 con fuentes oficiales que la comisi\u00f3n estuvo encabezada por los generales en retiro Rosso Jos\u00e9 Serrano, Ismael Trujillo Polanco y Luis Enrique Montenegro, quienes permanecieron una semana para apoyar a las autoridades mexicanas. Serrano y Trujillo Polanco fueron directores de la Polic\u00eda, y Montenegro director de la polic\u00eda secreta de Colombia, quienes fueron los oficiales que golpearon a los capos de los c\u00e1rteles de Medell\u00edn, Cali y Norte del Valle.<\/p>\n<p>Los tres generales retirados dise\u00f1aron la estrategia para la ca\u00edda de los hermanos Rodr\u00edguez Orejuela \u2013del c\u00e1rtel de Cali\u2013 y de Pablo Escobar, m\u00e1ximo jefe de las drogas de Colombia, quien muri\u00f3 en un operativo en diciembre de 1993.<\/p>\n<p>Fuentes oficiales explicaron al diario que \u201csi bien los generales en retiro ya est\u00e1n de vuelta, en M\u00e9xico D.F. permanece el equipo de oficiales activos, entre los que hay uniformados de Inteligencia y Antinarc\u00f3ticos, quienes vienen trabajando de la mano con la Secretar\u00eda de Seguridad P\u00fablica de M\u00e9xico (sic)\u201d.<\/p>\n<p>\u201cLa misi\u00f3n b\u00e1sicamente consiste en transmitir las claves con las que la Polic\u00eda (Nacional) consigui\u00f3 propinar golpes a la mafia colombiana, especialmente en los (a\u00f1os) 80 y 90, cuando el narcotr\u00e1fico puso en jaque al Estado\u201d, se\u00f1alaron las fuentes.<\/p>\n","protected":false},"excerpt":{"rendered":"<p>Colombia se uni\u00f3 a M\u00e9xico con un grupo \u00e9lite para buscar al narcotraficante Joaqu\u00edn \u201cEl Chapo\u201d Guzm\u00e1n, en el marco de los acuerdos de cooperaci\u00f3n en asuntos de seguridad, revel\u00f3 este martes el diario local El Tiempo. Tres generales en retiro y seis oficiales activos de la Polic\u00eda Nacional de Colombia forman parte \u201cde la &hellip; <\/p>\n<p><a class=\"more-link btn\" href=\"https:\/\/lamendigapolitica.com\/?p=28329\">Seguir leyendo<\/a><\/p>\n","protected":false},"author":1,"featured_media":0,"comment_status":"open","ping_status":"closed","sticky":false,"template":"","format":"standard","meta":{"footnotes":""},"categories":[20,27],"tags":[],"class_list":["post-28329","post","type-post","status-publish","format-standard","hentry","category-gobierno","category-seguridad","item-wrap"],"_links":{"self":[{"href":"https:\/\/lamendigapolitica.com\/index.php?rest_route=\/wp\/v2\/posts\/28329","targetHints":{"allow":["GET"]}}],"collection":[{"href":"https:\/\/lamendigapolitica.com\/index.php?rest_route=\/wp\/v2\/posts"}],"about":[{"href":"https:\/\/lamendigapolitica.com\/index.php?rest_route=\/wp\/v2\/types\/post"}],"author":[{"embeddable":true,"href":"https:\/\/lamendigapolitica.com\/index.php?rest_route=\/wp\/v2\/users\/1"}],"replies":[{"embeddable":true,"href":"https:\/\/lamendigapolitica.com\/index.php?rest_route=%2Fwp%2Fv2%2Fcomments&post=28329"}],"version-history":[{"count":1,"href":"https:\/\/lamendigapolitica.com\/index.php?rest_route=\/wp\/v2\/posts\/28329\/revisions"}],"predecessor-version":[{"id":28330,"href":"https:\/\/lamendigapolitica.com\/index.php?rest_route=\/wp\/v2\/posts\/28329\/revisions\/28330"}],"wp:attachment":[{"href":"https:\/\/lamendigapolitica.com\/index.php?rest_route=%2Fwp%2Fv2%2Fmedia&parent=28329"}],"wp:term":[{"taxonomy":"category","embeddable":true,"href":"https:\/\/lamendigapolitica.com\/index.php?rest_route=%2Fwp%2Fv2%2Fcategories&post=28329"},{"taxonomy":"post_tag","embeddable":true,"href":"https:\/\/lamendigapolitica.com\/index.php?rest_route=%2Fwp%2Fv2%2Ftags&post=28329"}],"curies":[{"name":"wp","href":"https:\/\/api.w.org\/{rel}","templated":true}]}}