{"id":28323,"date":"2015-07-28T13:40:56","date_gmt":"2015-07-28T18:40:56","guid":{"rendered":"http:\/\/lamendigapolitica.com\/blog\/?p=28323"},"modified":"2015-07-28T13:40:56","modified_gmt":"2015-07-28T18:40:56","slug":"eu-investiga-a-padres-por-presunto-lavado-de-dinero","status":"publish","type":"post","link":"https:\/\/lamendigapolitica.com\/?p=28323","title":{"rendered":"EU investiga a Padr\u00e9s por presunto lavado de dinero"},"content":{"rendered":"<p><a href=\"https:\/\/lamendigapolitica.com\/blog\/blog\/wp-content\/uploads\/2015\/07\/padres.jpg\"><img loading=\"lazy\" decoding=\"async\" class=\"aligncenter size-full wp-image-28324\" src=\"https:\/\/lamendigapolitica.com\/blog\/blog\/wp-content\/uploads\/2015\/07\/padres.jpg\" alt=\"padres\" width=\"252\" height=\"200\" \/><\/a><\/p>\n<p>Mientras que el Departamento de Justicia de Estados Unidos investiga al Gobernador de Sonora, el panista Guillermo Padr\u00e9s El\u00edas, por presunto lavado de dinero por hasta 3.3 millones de d\u00f3lares proveniente de posibles recursos il\u00edcitos y sobornos de un contratista,  el partido que lo encumbr\u00f3, Acci\u00f3n Nacional (PAN), se limita a ver un \u201casunto medi\u00e1tico\u201d para desprestigiar al mandatario estatal, p\u00fablica hoy SinEmbargo.<\/p>\n<p>Gustavo Madero Mu\u00f1oz, presidente nacional del PAN, afirm\u00f3  a este portal de noticias que \u201cno es nueva\u201d la informaci\u00f3n del diario The Wall Street Journal por la que revel\u00f3 que autoridades estadounidenses, al tiempo que respald\u00f3 las declaraciones que ha realizado al respecto el propio Guillermo Padr\u00e9s. \u201cLo \u00fanico que estamos viendo ahorita son temas medi\u00e1ticos, no hay nada legal, no hay ninguna denuncia, demanda, persona que acuse, que d\u00e9 la cara, que presente, pero en cuanto esto suceda tomaremos una posici\u00f3n\u201d, sostuvo a pregunta expresa de SinEmbargo.<\/p>\n<p>Madero calific\u00f3 como \u201cdeclaraciones y trascendidos\u201d la investigaci\u00f3n abierta contra del Gobernador de Sonora y su hermano, Miguel Padr\u00e9s El\u00edas, por recibir pagos por parte de firmas que ganaron contratos p\u00fablicos con el Gobierno sonorense, equivalentes a 20 millones de d\u00f3lares.M\u00e1s all\u00e1 de lo anterior, Madero Mu\u00f1oz invit\u00f3 a las autoridades a realizar una investigaci\u00f3n inmediata, pero demand\u00f3 que sea pareja y que no lleve discrecionalidad en su aplicaci\u00f3n.<\/p>\n<p>El pasado 5 de marzo, el diario The Wall Street Journal public\u00f3 un art\u00edculo sobre  presuntos actos de corrupci\u00f3n en Sonora, principalmente por el posible pago de sobornos al Gobernador Guillermo Padr\u00e9s El\u00edas y a su hermano Miguel Padr\u00e9s El\u00edas.<\/p>\n<p>De acuerdo con el diario, los hermanos Padr\u00e9s El\u00edas presuntamente transfirieron 8.9 millones de d\u00f3lares de cuentas de M\u00e9xico a cuentas en bancos de Estados Unidos, desde que Guillermo Padr\u00e9s entr\u00f3 en funciones como Gobernador de Sonora en 2009, de la siguiente manera: 3.3 millones de d\u00f3lares que habr\u00edan recibido de empresas de Mario Aguirre que ganaron contratos p\u00fablicos con el Gobierno sonorense para proveer uniformes escolares, equivalentes a 20 millones de d\u00f3lares.<\/p>\n","protected":false},"excerpt":{"rendered":"<p>Mientras que el Departamento de Justicia de Estados Unidos investiga al Gobernador de Sonora, el panista Guillermo Padr\u00e9s El\u00edas, por presunto lavado de dinero por hasta 3.3 millones de d\u00f3lares proveniente de posibles recursos il\u00edcitos y sobornos de un contratista, el partido que lo encumbr\u00f3, Acci\u00f3n Nacional (PAN), se limita a ver un \u201casunto medi\u00e1tico\u201d &hellip; <\/p>\n<p><a class=\"more-link btn\" href=\"https:\/\/lamendigapolitica.com\/?p=28323\">Seguir leyendo<\/a><\/p>\n","protected":false},"author":1,"featured_media":0,"comment_status":"open","ping_status":"closed","sticky":false,"template":"","format":"standard","meta":{"footnotes":""},"categories":[20],"tags":[],"class_list":["post-28323","post","type-post","status-publish","format-standard","hentry","category-gobierno","item-wrap"],"_links":{"self":[{"href":"https:\/\/lamendigapolitica.com\/index.php?rest_route=\/wp\/v2\/posts\/28323","targetHints":{"allow":["GET"]}}],"collection":[{"href":"https:\/\/lamendigapolitica.com\/index.php?rest_route=\/wp\/v2\/posts"}],"about":[{"href":"https:\/\/lamendigapolitica.com\/index.php?rest_route=\/wp\/v2\/types\/post"}],"author":[{"embeddable":true,"href":"https:\/\/lamendigapolitica.com\/index.php?rest_route=\/wp\/v2\/users\/1"}],"replies":[{"embeddable":true,"href":"https:\/\/lamendigapolitica.com\/index.php?rest_route=%2Fwp%2Fv2%2Fcomments&post=28323"}],"version-history":[{"count":1,"href":"https:\/\/lamendigapolitica.com\/index.php?rest_route=\/wp\/v2\/posts\/28323\/revisions"}],"predecessor-version":[{"id":28325,"href":"https:\/\/lamendigapolitica.com\/index.php?rest_route=\/wp\/v2\/posts\/28323\/revisions\/28325"}],"wp:attachment":[{"href":"https:\/\/lamendigapolitica.com\/index.php?rest_route=%2Fwp%2Fv2%2Fmedia&parent=28323"}],"wp:term":[{"taxonomy":"category","embeddable":true,"href":"https:\/\/lamendigapolitica.com\/index.php?rest_route=%2Fwp%2Fv2%2Fcategories&post=28323"},{"taxonomy":"post_tag","embeddable":true,"href":"https:\/\/lamendigapolitica.com\/index.php?rest_route=%2Fwp%2Fv2%2Ftags&post=28323"}],"curies":[{"name":"wp","href":"https:\/\/api.w.org\/{rel}","templated":true}]}}