{"id":28308,"date":"2015-07-27T13:34:22","date_gmt":"2015-07-27T18:34:22","guid":{"rendered":"http:\/\/lamendigapolitica.com\/blog\/?p=28308"},"modified":"2015-07-27T15:39:22","modified_gmt":"2015-07-27T20:39:22","slug":"cambio-en-vialidad-sale-gudino-y-entra-sepulveda","status":"publish","type":"post","link":"https:\/\/lamendigapolitica.com\/?p=28308","title":{"rendered":"Gobierno de Jalisco cambia al Secretario de Movilidad"},"content":{"rendered":"<p><a href=\"https:\/\/lamendigapolitica.com\/blog\/blog\/wp-content\/uploads\/2015\/07\/servamdo.jpg\"><img loading=\"lazy\" decoding=\"async\" class=\"aligncenter size-full wp-image-28309\" src=\"https:\/\/lamendigapolitica.com\/blog\/blog\/wp-content\/uploads\/2015\/07\/servamdo.jpg\" alt=\"servamdo\" width=\"260\" height=\"194\" \/><\/a><\/p>\n<p>El gobernador de Jalisco, Arist\u00f3teles Sandoval D\u00edaz contin\u00faa con los cambios al interior de su gabinete, y el d\u00eda de hoy anunci\u00f3 formalmente la salida de Mauricio Gudi\u00f1o de la Secretar\u00eda de Movilidad y dio la bienvenida a Servando Sep\u00falveda como nuevo secretario en dicha dependencia, a quien de inmediato le planteo la necesidad de prontas soluciones.<\/p>\n<p>No sin antes hacer un reconocimiento al trabajo desempe\u00f1ado por Gudi\u00f1o al frente de esa dependencia y solo dando como explicaci\u00f3n la necesidad de entrar a una nueva etapa de trabajo dentro de la ruta ya trazada en esta \u00e1rea, que dio a conocer el cambio y de inmediato procedi\u00f3 a la toma de protesta.<\/p>\n<p>Dentro del breve discurso que dio el ejecutivo en el acto urgi\u00f3 al nuevo titular de la Secretar\u00eda de Movilidad a presentar en un plazo de 30 d\u00edas poner en marcha acciones concretas y contundentes para inhibir y as\u00ed, erradicar en el mediano plazo la corrupci\u00f3n entre los agentes viales<\/p>\n<p>Cabe se\u00f1alar que Mauricio Gudi\u00f1o no sale de su administraci\u00f3n y que en d\u00edas, anunciar\u00e1 su nueva encomienda en el Gobierno del Estado<\/p>\n","protected":false},"excerpt":{"rendered":"<p>El gobernador de Jalisco, Arist\u00f3teles Sandoval D\u00edaz contin\u00faa con los cambios al interior de su gabinete, y el d\u00eda de hoy anunci\u00f3 formalmente la salida de Mauricio Gudi\u00f1o de la Secretar\u00eda de Movilidad y dio la bienvenida a Servando Sep\u00falveda como nuevo secretario en dicha dependencia, a quien de inmediato le planteo la necesidad de &hellip; <\/p>\n<p><a class=\"more-link btn\" href=\"https:\/\/lamendigapolitica.com\/?p=28308\">Seguir leyendo<\/a><\/p>\n","protected":false},"author":1,"featured_media":0,"comment_status":"open","ping_status":"closed","sticky":false,"template":"","format":"standard","meta":{"footnotes":""},"categories":[20,3],"tags":[],"class_list":["post-28308","post","type-post","status-publish","format-standard","hentry","category-gobierno","category-politica","item-wrap"],"_links":{"self":[{"href":"https:\/\/lamendigapolitica.com\/index.php?rest_route=\/wp\/v2\/posts\/28308","targetHints":{"allow":["GET"]}}],"collection":[{"href":"https:\/\/lamendigapolitica.com\/index.php?rest_route=\/wp\/v2\/posts"}],"about":[{"href":"https:\/\/lamendigapolitica.com\/index.php?rest_route=\/wp\/v2\/types\/post"}],"author":[{"embeddable":true,"href":"https:\/\/lamendigapolitica.com\/index.php?rest_route=\/wp\/v2\/users\/1"}],"replies":[{"embeddable":true,"href":"https:\/\/lamendigapolitica.com\/index.php?rest_route=%2Fwp%2Fv2%2Fcomments&post=28308"}],"version-history":[{"count":2,"href":"https:\/\/lamendigapolitica.com\/index.php?rest_route=\/wp\/v2\/posts\/28308\/revisions"}],"predecessor-version":[{"id":28315,"href":"https:\/\/lamendigapolitica.com\/index.php?rest_route=\/wp\/v2\/posts\/28308\/revisions\/28315"}],"wp:attachment":[{"href":"https:\/\/lamendigapolitica.com\/index.php?rest_route=%2Fwp%2Fv2%2Fmedia&parent=28308"}],"wp:term":[{"taxonomy":"category","embeddable":true,"href":"https:\/\/lamendigapolitica.com\/index.php?rest_route=%2Fwp%2Fv2%2Fcategories&post=28308"},{"taxonomy":"post_tag","embeddable":true,"href":"https:\/\/lamendigapolitica.com\/index.php?rest_route=%2Fwp%2Fv2%2Ftags&post=28308"}],"curies":[{"name":"wp","href":"https:\/\/api.w.org\/{rel}","templated":true}]}}