{"id":28302,"date":"2015-07-27T13:31:24","date_gmt":"2015-07-27T18:31:24","guid":{"rendered":"http:\/\/lamendigapolitica.com\/blog\/?p=28302"},"modified":"2015-07-27T13:31:24","modified_gmt":"2015-07-27T18:31:24","slug":"narcocorridos-en-fiesta-municipal","status":"publish","type":"post","link":"https:\/\/lamendigapolitica.com\/?p=28302","title":{"rendered":"Narcocorridos en fiesta municipal"},"content":{"rendered":"<p><a href=\"https:\/\/lamendigapolitica.com\/blog\/blog\/wp-content\/uploads\/2015\/07\/zeta.jpg\"><img loading=\"lazy\" decoding=\"async\" class=\"aligncenter  wp-image-28303\" src=\"https:\/\/lamendigapolitica.com\/blog\/blog\/wp-content\/uploads\/2015\/07\/zeta.jpg\" alt=\"zeta\" width=\"317\" height=\"239\" \/><\/a><\/p>\n<p>Una fiesta tradicional en Baja California Sur, auspiciada por las autoridades municipales de Comond\u00fa, fue amenizada con un tema dedicado a Iv\u00e1n Archivaldo Guzm\u00e1n, hijo de Joaqu\u00edn \u201cEl Chapo\u201d Guzm\u00e1n, por parte de la banda musical Enigma Norte\u00f1o, cuya especialidad es la interpretaci\u00f3n de narcocorridos.<\/p>\n<p>De acuerdo con un reporte del semanario Zeta, una supuesta balacera se suscit\u00f3 justo en el momento en que el referido grupo musical interpretaba la canci\u00f3n \u201cIv\u00e1n Archivaldo\u201d la madrugada de este s\u00e1bado 25 de julio, como parte de las actividades culturales de la \u201cExpo Comond\u00fa\u201d, que se iniciaron el 16 de julio y culminan este lunes 27.<\/p>\n<p>Cerca de la una de la madrugada del s\u00e1bado, cuando en el escenario estaba Enigma Norte\u00f1o, se escucharon disparos, lo que provoc\u00f3 que algunos asistentes salieran corriendo y otros se refugiaran entre las sillas, como muestra en un video grabado por un periodista, publica hoy el semanario Zeta.<br \/>\n\u201cEn medio de gritos y la estampida de p\u00e1nico de los presentes, el grupo Enigma Norte\u00f1o dej\u00f3 de tocar y quienes a trav\u00e9s del micr\u00f3fono llamaron a la calma\u201d.<\/p>\n<p>Sin embargo, la Procuradur\u00eda General de Justicia del Estado neg\u00f3 que haya ocurrido una balacera y se\u00f1al\u00f3 que todo se debi\u00f3 a un pleito a golpes entre los asistentes, tras el cual fueron detenidas dos personas. En el lugar no fueron hallados cartuchos percutidos y los detenidos tampoco llevaban armas, indic\u00f3 la Procuradur\u00eda.<\/p>\n<p>Comond\u00fa es gobernado por Antonio Ojeda Molina, un empresario del ramo de transporte vinculado al PAN, que asumi\u00f3 apenas en marzo pasado el puesto como alcalde suplente.<\/p>\n","protected":false},"excerpt":{"rendered":"<p>Una fiesta tradicional en Baja California Sur, auspiciada por las autoridades municipales de Comond\u00fa, fue amenizada con un tema dedicado a Iv\u00e1n Archivaldo Guzm\u00e1n, hijo de Joaqu\u00edn \u201cEl Chapo\u201d Guzm\u00e1n, por parte de la banda musical Enigma Norte\u00f1o, cuya especialidad es la interpretaci\u00f3n de narcocorridos. De acuerdo con un reporte del semanario Zeta, una supuesta &hellip; <\/p>\n<p><a class=\"more-link btn\" href=\"https:\/\/lamendigapolitica.com\/?p=28302\">Seguir leyendo<\/a><\/p>\n","protected":false},"author":1,"featured_media":0,"comment_status":"open","ping_status":"closed","sticky":false,"template":"","format":"standard","meta":{"footnotes":""},"categories":[20,3],"tags":[],"class_list":["post-28302","post","type-post","status-publish","format-standard","hentry","category-gobierno","category-politica","item-wrap"],"_links":{"self":[{"href":"https:\/\/lamendigapolitica.com\/index.php?rest_route=\/wp\/v2\/posts\/28302","targetHints":{"allow":["GET"]}}],"collection":[{"href":"https:\/\/lamendigapolitica.com\/index.php?rest_route=\/wp\/v2\/posts"}],"about":[{"href":"https:\/\/lamendigapolitica.com\/index.php?rest_route=\/wp\/v2\/types\/post"}],"author":[{"embeddable":true,"href":"https:\/\/lamendigapolitica.com\/index.php?rest_route=\/wp\/v2\/users\/1"}],"replies":[{"embeddable":true,"href":"https:\/\/lamendigapolitica.com\/index.php?rest_route=%2Fwp%2Fv2%2Fcomments&post=28302"}],"version-history":[{"count":1,"href":"https:\/\/lamendigapolitica.com\/index.php?rest_route=\/wp\/v2\/posts\/28302\/revisions"}],"predecessor-version":[{"id":28304,"href":"https:\/\/lamendigapolitica.com\/index.php?rest_route=\/wp\/v2\/posts\/28302\/revisions\/28304"}],"wp:attachment":[{"href":"https:\/\/lamendigapolitica.com\/index.php?rest_route=%2Fwp%2Fv2%2Fmedia&parent=28302"}],"wp:term":[{"taxonomy":"category","embeddable":true,"href":"https:\/\/lamendigapolitica.com\/index.php?rest_route=%2Fwp%2Fv2%2Fcategories&post=28302"},{"taxonomy":"post_tag","embeddable":true,"href":"https:\/\/lamendigapolitica.com\/index.php?rest_route=%2Fwp%2Fv2%2Ftags&post=28302"}],"curies":[{"name":"wp","href":"https:\/\/api.w.org\/{rel}","templated":true}]}}