{"id":28281,"date":"2015-07-26T11:19:44","date_gmt":"2015-07-26T16:19:44","guid":{"rendered":"http:\/\/lamendigapolitica.com\/blog\/?p=28281"},"modified":"2015-07-26T11:19:44","modified_gmt":"2015-07-26T16:19:44","slug":"no-son-tiempos-de-destape-enrique-pena-nieto","status":"publish","type":"post","link":"https:\/\/lamendigapolitica.com\/?p=28281","title":{"rendered":"No son tiempos de destape: Enrique Pe\u00f1a Nieto"},"content":{"rendered":"<p><a href=\"https:\/\/lamendigapolitica.com\/blog\/blog\/wp-content\/uploads\/2015\/07\/epn.jpg\"><img loading=\"lazy\" decoding=\"async\" class=\"aligncenter  wp-image-28282\" src=\"https:\/\/lamendigapolitica.com\/blog\/blog\/wp-content\/uploads\/2015\/07\/epn.jpg\" alt=\"epn\" width=\"312\" height=\"235\" \/><\/a><\/p>\n<p>El presidente Enrique Pe\u00f1a Nieto dijo a la dirigencia y militancia del PRI que es tiempo de dar todo y cumplirle al pa\u00eds, de seguir instrumentando los recientes cambios. En el acto pol\u00edtico realizado en la sede del partido, en el que \u00e9l y el dirigente nacional del PRI, C\u00e9sar Camacho Quiroz, fueron los \u00fanicos oradores, el mandatario expuso ante los miles de asistentes que: \u201cHoy no hay espacios para proyectos personales. No obstante que algunos se adelantan al calendario electoral de 2018, para  los priistas son tiempos de trabajar.\u201d<\/p>\n<p>En el encuentro Unidad para Continuar la Transformaci\u00f3n de M\u00e9xico,  record\u00f3 los logros tanto hist\u00f3ricos como recientes de su partido, como las reformas estructurales aprobadas. Agradeci\u00f3 el apoyo de su partido y advirti\u00f3 que M\u00e9xico debe estar consciente de que \u201cla sombra del populismo y la demagogia amenazan\u201d a las sociedades democr\u00e1ticas del mundo. Expuso que en otras naciones ya se viven los costos \u201cde esta nueva ola populista\u201d.<\/p>\n<p>A la vieja usanza, el primer priista del pa\u00eds, Enrique Pe\u00f1a Nieto, le hizo ver a toda la dirigencia y militancia de su partido que es tiempo de dar todo y cumplirle a la naci\u00f3n sin regateos ni visiones electorales o personales; hay que honrar la confianza de millones que con su voto han apoyado al PRI, partido que debe, eso s\u00ed, \u201crenovar su misi\u00f3n \u00e9tica y social en favor de los menos favorecidos\u201d, sentenci\u00f3. Vehemente, orgulloso de emerger de sus filas el presidente Pe\u00f1a Nieto advirti\u00f3 ante sus compa\u00f1eros de partido sobre renovados amagos de la demagogia y el populismo en diversos pa\u00edses que pudieran tratar de ensombrecer la democracia mexicana y les pidi\u00f3 no confiarse.<\/p>\n<p>Por casi 35 minutos, ante miles de integrantes de un priismo renovado, como \u00e9l mismo lo calific\u00f3, Enrique Pe\u00f1a abog\u00f3 porque su partido respalde a los que padecen hambre y viven en la marginaci\u00f3n, sea solidario y apoye lo mismo a adultos mayores que a discapacitados.<\/p>\n<p>El PRI tiene que ser el principal aliado de los trabajadores y campesinos, el aut\u00e9ntico promotor de los emprendedores y el firme respaldo de las clases medias que buscan mejorar sus condiciones de vida. El PRI tiene que ser el partido de la verdad y la igualdad, el partido que reconoce y empodere a las mujeres. El partido que incluye y da voz a los discriminados\u201d, dijo.<\/p>\n","protected":false},"excerpt":{"rendered":"<p>El presidente Enrique Pe\u00f1a Nieto dijo a la dirigencia y militancia del PRI que es tiempo de dar todo y cumplirle al pa\u00eds, de seguir instrumentando los recientes cambios. En el acto pol\u00edtico realizado en la sede del partido, en el que \u00e9l y el dirigente nacional del PRI, C\u00e9sar Camacho Quiroz, fueron los \u00fanicos &hellip; <\/p>\n<p><a class=\"more-link btn\" href=\"https:\/\/lamendigapolitica.com\/?p=28281\">Seguir leyendo<\/a><\/p>\n","protected":false},"author":1,"featured_media":0,"comment_status":"open","ping_status":"closed","sticky":false,"template":"","format":"standard","meta":{"footnotes":""},"categories":[20,3],"tags":[],"class_list":["post-28281","post","type-post","status-publish","format-standard","hentry","category-gobierno","category-politica","item-wrap"],"_links":{"self":[{"href":"https:\/\/lamendigapolitica.com\/index.php?rest_route=\/wp\/v2\/posts\/28281","targetHints":{"allow":["GET"]}}],"collection":[{"href":"https:\/\/lamendigapolitica.com\/index.php?rest_route=\/wp\/v2\/posts"}],"about":[{"href":"https:\/\/lamendigapolitica.com\/index.php?rest_route=\/wp\/v2\/types\/post"}],"author":[{"embeddable":true,"href":"https:\/\/lamendigapolitica.com\/index.php?rest_route=\/wp\/v2\/users\/1"}],"replies":[{"embeddable":true,"href":"https:\/\/lamendigapolitica.com\/index.php?rest_route=%2Fwp%2Fv2%2Fcomments&post=28281"}],"version-history":[{"count":1,"href":"https:\/\/lamendigapolitica.com\/index.php?rest_route=\/wp\/v2\/posts\/28281\/revisions"}],"predecessor-version":[{"id":28283,"href":"https:\/\/lamendigapolitica.com\/index.php?rest_route=\/wp\/v2\/posts\/28281\/revisions\/28283"}],"wp:attachment":[{"href":"https:\/\/lamendigapolitica.com\/index.php?rest_route=%2Fwp%2Fv2%2Fmedia&parent=28281"}],"wp:term":[{"taxonomy":"category","embeddable":true,"href":"https:\/\/lamendigapolitica.com\/index.php?rest_route=%2Fwp%2Fv2%2Fcategories&post=28281"},{"taxonomy":"post_tag","embeddable":true,"href":"https:\/\/lamendigapolitica.com\/index.php?rest_route=%2Fwp%2Fv2%2Ftags&post=28281"}],"curies":[{"name":"wp","href":"https:\/\/api.w.org\/{rel}","templated":true}]}}