{"id":28278,"date":"2015-07-26T11:16:29","date_gmt":"2015-07-26T16:16:29","guid":{"rendered":"http:\/\/lamendigapolitica.com\/blog\/?p=28278"},"modified":"2015-07-26T11:16:29","modified_gmt":"2015-07-26T16:16:29","slug":"suben-acto-priista-a-pagina-de-facebook-de-presidencia","status":"publish","type":"post","link":"https:\/\/lamendigapolitica.com\/?p=28278","title":{"rendered":"Suben acto priista a p\u00e1gina de Facebook de Presidencia"},"content":{"rendered":"<p><a href=\"https:\/\/lamendigapolitica.com\/blog\/blog\/wp-content\/uploads\/2015\/07\/usuarios.jpg\"><img loading=\"lazy\" decoding=\"async\" class=\"aligncenter  wp-image-28279\" src=\"https:\/\/lamendigapolitica.com\/blog\/blog\/wp-content\/uploads\/2015\/07\/usuarios.jpg\" alt=\"usuarios\" width=\"261\" height=\"392\" \/><\/a><\/p>\n<p>Ciudadanos y pol\u00edticos acusaron que la p\u00e1gina oficial de Facebook de la Presidencia de la Rep\u00fablica difundi\u00f3 fotos del evento del Partido Revolucionario Institucional (PRI) al que asisti\u00f3 Enrique Pe\u00f1a Nieto este d\u00eda, publica hoy SinEmbargo.<\/p>\n<p>El Presidente acudi\u00f3 al evento \u201cUnidad para Continuar con la Transformaci\u00f3n de M\u00e9xico\u201d, celebrado en la sede nacional del PRI donde afirm\u00f3 que el partido tiene la responsabilidad de seguir impulsando un cambio con rumbo y estabilidad, y honrar la confianza de millones de ciudadanos que lo respaldaron como la mejor opci\u00f3n de cambio positivo para M\u00e9xico.<\/p>\n<p>El mandatario sostuvo que no obstante que algunos se adelantan al calendario electoral de 2018, \u201cpara los priistas son tiempos de trabajar y de cumplirle a M\u00e9xico\u201d, y advirti\u00f3 que \u201choy la sombra del populismo y la demagogia amenaza a las sociedades democr\u00e1ticas del mundo\u201d. Usuarios de redes sociales compartieron las im\u00e1genes que muestran que la Presidencia presuntamente public\u00f3 un \u00e1lbum de 56 fotograf\u00edas del evento, a\u00f1adiendo la leyenda \u201cPor su historia, por su permanente compromiso social y su innegable contribuci\u00f3n al desarrollo nacional, el Partido Revolucionario Institucional es \u00a1el Partido de M\u00e9xico!\u201d.<\/p>\n<p>Sin embargo, la informaci\u00f3n ya no est\u00e1 disponible en la p\u00e1gina, s\u00f3lo la cuenta oficial de Enrique Pe\u00f1a Nieto tiene las mismas fotos en su muro. Mientras que el vocero de la bancada panista en la C\u00e1mara de Diputados, Juan Pablo Adame, hizo lo propio y tambi\u00e9n a trav\u00e9s de esa red social public\u00f3: \u201cNo tienen verg\u00fcenza, desde la cuenta \u201coficial\u201d, alentando al PRI, ya ni eso les importa\u201d. Otras personas en Twitter comentaron: \u201cSurreal, la Presidencia de la Rep\u00fablica le hace la chamba al #PRI desde su p\u00e1gina oficial\u201d, escribi\u00f3 un usuario identificado como [@metis12].<\/p>\n","protected":false},"excerpt":{"rendered":"<p>Ciudadanos y pol\u00edticos acusaron que la p\u00e1gina oficial de Facebook de la Presidencia de la Rep\u00fablica difundi\u00f3 fotos del evento del Partido Revolucionario Institucional (PRI) al que asisti\u00f3 Enrique Pe\u00f1a Nieto este d\u00eda, publica hoy SinEmbargo. El Presidente acudi\u00f3 al evento \u201cUnidad para Continuar con la Transformaci\u00f3n de M\u00e9xico\u201d, celebrado en la sede nacional del &hellip; <\/p>\n<p><a class=\"more-link btn\" href=\"https:\/\/lamendigapolitica.com\/?p=28278\">Seguir leyendo<\/a><\/p>\n","protected":false},"author":1,"featured_media":0,"comment_status":"open","ping_status":"closed","sticky":false,"template":"","format":"standard","meta":{"footnotes":""},"categories":[20,3],"tags":[],"class_list":["post-28278","post","type-post","status-publish","format-standard","hentry","category-gobierno","category-politica","item-wrap"],"_links":{"self":[{"href":"https:\/\/lamendigapolitica.com\/index.php?rest_route=\/wp\/v2\/posts\/28278","targetHints":{"allow":["GET"]}}],"collection":[{"href":"https:\/\/lamendigapolitica.com\/index.php?rest_route=\/wp\/v2\/posts"}],"about":[{"href":"https:\/\/lamendigapolitica.com\/index.php?rest_route=\/wp\/v2\/types\/post"}],"author":[{"embeddable":true,"href":"https:\/\/lamendigapolitica.com\/index.php?rest_route=\/wp\/v2\/users\/1"}],"replies":[{"embeddable":true,"href":"https:\/\/lamendigapolitica.com\/index.php?rest_route=%2Fwp%2Fv2%2Fcomments&post=28278"}],"version-history":[{"count":1,"href":"https:\/\/lamendigapolitica.com\/index.php?rest_route=\/wp\/v2\/posts\/28278\/revisions"}],"predecessor-version":[{"id":28280,"href":"https:\/\/lamendigapolitica.com\/index.php?rest_route=\/wp\/v2\/posts\/28278\/revisions\/28280"}],"wp:attachment":[{"href":"https:\/\/lamendigapolitica.com\/index.php?rest_route=%2Fwp%2Fv2%2Fmedia&parent=28278"}],"wp:term":[{"taxonomy":"category","embeddable":true,"href":"https:\/\/lamendigapolitica.com\/index.php?rest_route=%2Fwp%2Fv2%2Fcategories&post=28278"},{"taxonomy":"post_tag","embeddable":true,"href":"https:\/\/lamendigapolitica.com\/index.php?rest_route=%2Fwp%2Fv2%2Ftags&post=28278"}],"curies":[{"name":"wp","href":"https:\/\/api.w.org\/{rel}","templated":true}]}}