{"id":28272,"date":"2015-07-26T11:09:56","date_gmt":"2015-07-26T16:09:56","guid":{"rendered":"http:\/\/lamendigapolitica.com\/blog\/?p=28272"},"modified":"2015-07-26T11:09:56","modified_gmt":"2015-07-26T16:09:56","slug":"estado-mexicano-ofrece-disculpas-a-militares-con-vih","status":"publish","type":"post","link":"https:\/\/lamendigapolitica.com\/?p=28272","title":{"rendered":"Estado mexicano ofrece disculpas a militares con VIH"},"content":{"rendered":"<p><a href=\"https:\/\/lamendigapolitica.com\/blog\/blog\/wp-content\/uploads\/2015\/07\/disculpa.jpg\"><img loading=\"lazy\" decoding=\"async\" class=\"aligncenter  wp-image-28273\" src=\"https:\/\/lamendigapolitica.com\/blog\/blog\/wp-content\/uploads\/2015\/07\/disculpa.jpg\" alt=\"disculpa\" width=\"302\" height=\"204\" \/><\/a><\/p>\n<p>Al encabezar en el Museo Memoria y Tolerancia el acto de disculpa p\u00fablica en cumplimiento con la Comisi\u00f3n Interamericana de Derechos Humanos (CIDH) a favor de dos militares que fueron cesados de sus cargos por ser portadores de VIH, el titular de la Segob enfatiz\u00f3 que acude en representaci\u00f3n de un \u201cEstado democr\u00e1tico que cumple su parte\u201d.<\/p>\n<p>\u201cEl pa\u00eds tiene retos en materia de derechos humanos que enfrenta con la cara en alto y con transparencia, destac\u00f3 el secretario de Gobernaci\u00f3n, Miguel \u00c1ngel Osorio Chong, y asegur\u00f3 que a todos corresponde crear un pa\u00eds de derechos\u201d. Asegur\u00f3 que M\u00e9xico, sin renunciar a su soberan\u00eda, con responsabilidad y convicci\u00f3n, respeta y respalda la encomienda del Sistema Interamericano de Derechos Humanos.<\/p>\n<p>En ese sentido, el titular de la Secretar\u00eda de Gobernaci\u00f3n (Segob) reiter\u00f3 \u201cel pleno compromiso que nuestra naci\u00f3n tiene y que nuestra propia Constituci\u00f3n mandata de promover, respetar, proteger y garantizar los derechos fundamentales de las personas\u201d.<\/p>\n<p>Al reconocer el empe\u00f1o de los peticionarios (a quienes se identific\u00f3 con las iniciales MGS y JSCH), sus familiares y representantes, Osorio Chong explic\u00f3 que ese acto forma parte de la reparaci\u00f3n integral, que incluy\u00f3 apoyo m\u00e9dico, psicol\u00f3gico e indemnizaciones, as\u00ed como la restituci\u00f3n.<\/p>\n","protected":false},"excerpt":{"rendered":"<p>Al encabezar en el Museo Memoria y Tolerancia el acto de disculpa p\u00fablica en cumplimiento con la Comisi\u00f3n Interamericana de Derechos Humanos (CIDH) a favor de dos militares que fueron cesados de sus cargos por ser portadores de VIH, el titular de la Segob enfatiz\u00f3 que acude en representaci\u00f3n de un \u201cEstado democr\u00e1tico que cumple &hellip; <\/p>\n<p><a class=\"more-link btn\" href=\"https:\/\/lamendigapolitica.com\/?p=28272\">Seguir leyendo<\/a><\/p>\n","protected":false},"author":1,"featured_media":0,"comment_status":"open","ping_status":"closed","sticky":false,"template":"","format":"standard","meta":{"footnotes":""},"categories":[20,3],"tags":[],"class_list":["post-28272","post","type-post","status-publish","format-standard","hentry","category-gobierno","category-politica","item-wrap"],"_links":{"self":[{"href":"https:\/\/lamendigapolitica.com\/index.php?rest_route=\/wp\/v2\/posts\/28272","targetHints":{"allow":["GET"]}}],"collection":[{"href":"https:\/\/lamendigapolitica.com\/index.php?rest_route=\/wp\/v2\/posts"}],"about":[{"href":"https:\/\/lamendigapolitica.com\/index.php?rest_route=\/wp\/v2\/types\/post"}],"author":[{"embeddable":true,"href":"https:\/\/lamendigapolitica.com\/index.php?rest_route=\/wp\/v2\/users\/1"}],"replies":[{"embeddable":true,"href":"https:\/\/lamendigapolitica.com\/index.php?rest_route=%2Fwp%2Fv2%2Fcomments&post=28272"}],"version-history":[{"count":1,"href":"https:\/\/lamendigapolitica.com\/index.php?rest_route=\/wp\/v2\/posts\/28272\/revisions"}],"predecessor-version":[{"id":28274,"href":"https:\/\/lamendigapolitica.com\/index.php?rest_route=\/wp\/v2\/posts\/28272\/revisions\/28274"}],"wp:attachment":[{"href":"https:\/\/lamendigapolitica.com\/index.php?rest_route=%2Fwp%2Fv2%2Fmedia&parent=28272"}],"wp:term":[{"taxonomy":"category","embeddable":true,"href":"https:\/\/lamendigapolitica.com\/index.php?rest_route=%2Fwp%2Fv2%2Fcategories&post=28272"},{"taxonomy":"post_tag","embeddable":true,"href":"https:\/\/lamendigapolitica.com\/index.php?rest_route=%2Fwp%2Fv2%2Ftags&post=28272"}],"curies":[{"name":"wp","href":"https:\/\/api.w.org\/{rel}","templated":true}]}}