{"id":28260,"date":"2015-07-24T12:09:43","date_gmt":"2015-07-24T17:09:43","guid":{"rendered":"http:\/\/lamendigapolitica.com\/blog\/?p=28260"},"modified":"2015-07-24T12:09:43","modified_gmt":"2015-07-24T17:09:43","slug":"formal-prision-a-funcionarios-por-fuga-de-el-chapo","status":"publish","type":"post","link":"https:\/\/lamendigapolitica.com\/?p=28260","title":{"rendered":"Formal prisi\u00f3n a funcionarios por fuga de &#8216;El Chapo&#8217;"},"content":{"rendered":"<p><a href=\"https:\/\/lamendigapolitica.com\/blog\/blog\/wp-content\/uploads\/2015\/07\/fuga.jpg\"><img loading=\"lazy\" decoding=\"async\" class=\"aligncenter  wp-image-28261\" src=\"https:\/\/lamendigapolitica.com\/blog\/blog\/wp-content\/uploads\/2015\/07\/fuga.jpg\" alt=\"fuga\" width=\"361\" height=\"240\" \/><\/a><\/p>\n<p>El Juzgado Tercero de Distrito en el estado de Guanajuato dict\u00f3 auto de formal prisi\u00f3n en contra de tres servidores p\u00fablicos por su probable responsabilidad en la evasi\u00f3n de Joaqu\u00edn Guzm\u00e1n Loera, alias \u201cEl Chapo Guzm\u00e1n\u201d del penal del Altiplano. Ello al actuar en auxilio del Juzgado Cuarto de Distrito en Materia Penal en el estado de M\u00e9xico, con sede en Toluca, en la causa penal 48\/2015, iniciada por la evasi\u00f3n de \u201cEl Chapo Guzm\u00e1n\u201d.<\/p>\n<p>Seg\u00fan consigna hoy Excelsior El auto de formal prisi\u00f3n se dict\u00f3 por el delito de evasi\u00f3n de presos en la hip\u00f3tesis de cuando el detenido est\u00e1 siendo procesado por la comisi\u00f3n de delito o delitos contra la salud, previsto y sancionado en el art\u00edculo 150 del C\u00f3digo Penal Federal. La instancia record\u00f3 que el 17 de julio de 2015, el Juzgado Cuarto de Distrito de Procesos Penales Federales en el Estado de M\u00e9xico, con residencia en Toluca, libr\u00f3 orden de aprehensi\u00f3n \u00fanicamente en contra de siete personas por el delito antes referido.<\/p>\n<p>La orden de captura fue cumplida ese mismo d\u00eda y los siete indiciados quedaron a disposici\u00f3n de ese juzgado, con residencia en Toluca, en internamiento en el Centro Federal de Readaptaci\u00f3n Social N\u00famero 12 \u201cCPS\u201d, Guanajuato, en Ocampo, Guanajuato. Por ello se libr\u00f3 exhorto y por raz\u00f3n de turno su conocimiento correspondi\u00f3 al Juzgado Tercero de Distrito en el estado de Guanajuato, con residencia en Le\u00f3n, que recab\u00f3 las declaraciones preparatorias y resolvi\u00f3 la situaci\u00f3n jur\u00eddica de los siete indiciados.<\/p>\n<p>As\u00ed, la fiscal\u00eda prob\u00f3 el delito de evasi\u00f3n, al existir datos suficientes para concluir que funcionarios p\u00fablicos favorecieron el escape de \u201cEl Chapo Guzm\u00e1n\u201d. Se estableci\u00f3 que la forma de la fuga de Guzm\u00e1n Loera, indicaba que le fueron proporcionados datos estrat\u00e9gicos y log\u00edsticos de la prisi\u00f3n, y que la construcci\u00f3n de un t\u00fanel altamente sofisticado permit\u00eda afirmar que funcionarios p\u00fablicos propiciaron y favorecieron al evasor.<\/p>\n","protected":false},"excerpt":{"rendered":"<p>El Juzgado Tercero de Distrito en el estado de Guanajuato dict\u00f3 auto de formal prisi\u00f3n en contra de tres servidores p\u00fablicos por su probable responsabilidad en la evasi\u00f3n de Joaqu\u00edn Guzm\u00e1n Loera, alias \u201cEl Chapo Guzm\u00e1n\u201d del penal del Altiplano. Ello al actuar en auxilio del Juzgado Cuarto de Distrito en Materia Penal en el &hellip; <\/p>\n<p><a class=\"more-link btn\" href=\"https:\/\/lamendigapolitica.com\/?p=28260\">Seguir leyendo<\/a><\/p>\n","protected":false},"author":1,"featured_media":0,"comment_status":"open","ping_status":"closed","sticky":false,"template":"","format":"standard","meta":{"footnotes":""},"categories":[20,27],"tags":[],"class_list":["post-28260","post","type-post","status-publish","format-standard","hentry","category-gobierno","category-seguridad","item-wrap"],"_links":{"self":[{"href":"https:\/\/lamendigapolitica.com\/index.php?rest_route=\/wp\/v2\/posts\/28260","targetHints":{"allow":["GET"]}}],"collection":[{"href":"https:\/\/lamendigapolitica.com\/index.php?rest_route=\/wp\/v2\/posts"}],"about":[{"href":"https:\/\/lamendigapolitica.com\/index.php?rest_route=\/wp\/v2\/types\/post"}],"author":[{"embeddable":true,"href":"https:\/\/lamendigapolitica.com\/index.php?rest_route=\/wp\/v2\/users\/1"}],"replies":[{"embeddable":true,"href":"https:\/\/lamendigapolitica.com\/index.php?rest_route=%2Fwp%2Fv2%2Fcomments&post=28260"}],"version-history":[{"count":1,"href":"https:\/\/lamendigapolitica.com\/index.php?rest_route=\/wp\/v2\/posts\/28260\/revisions"}],"predecessor-version":[{"id":28262,"href":"https:\/\/lamendigapolitica.com\/index.php?rest_route=\/wp\/v2\/posts\/28260\/revisions\/28262"}],"wp:attachment":[{"href":"https:\/\/lamendigapolitica.com\/index.php?rest_route=%2Fwp%2Fv2%2Fmedia&parent=28260"}],"wp:term":[{"taxonomy":"category","embeddable":true,"href":"https:\/\/lamendigapolitica.com\/index.php?rest_route=%2Fwp%2Fv2%2Fcategories&post=28260"},{"taxonomy":"post_tag","embeddable":true,"href":"https:\/\/lamendigapolitica.com\/index.php?rest_route=%2Fwp%2Fv2%2Ftags&post=28260"}],"curies":[{"name":"wp","href":"https:\/\/api.w.org\/{rel}","templated":true}]}}