{"id":28247,"date":"2015-07-23T10:48:46","date_gmt":"2015-07-23T15:48:46","guid":{"rendered":"http:\/\/lamendigapolitica.com\/blog\/?p=28247"},"modified":"2015-07-23T10:48:46","modified_gmt":"2015-07-23T15:48:46","slug":"los-pobres-aumentaron-en-mexico","status":"publish","type":"post","link":"https:\/\/lamendigapolitica.com\/?p=28247","title":{"rendered":"Los pobres aumentaron en M\u00e9xico"},"content":{"rendered":"<p><a href=\"https:\/\/lamendigapolitica.com\/blog\/blog\/wp-content\/uploads\/2015\/07\/pobres.jpg\"><img loading=\"lazy\" decoding=\"async\" class=\"aligncenter  wp-image-28248\" src=\"https:\/\/lamendigapolitica.com\/blog\/blog\/wp-content\/uploads\/2015\/07\/pobres.jpg\" alt=\"pobres\" width=\"362\" height=\"239\" \/><\/a><\/p>\n<p>El n\u00famero absoluto de mexicanos en pobreza aument\u00f3 de los 53.3 millones que hab\u00eda en 2012 a los 55.3 millones que se contabilizaron al 2014. La cobertura de carencias sociales aument\u00f3, pero los ingresos de las familias bajaron. La pobreza extrema baj\u00f3 de 9.8 por ciento a 9.5 por ciento, esto es, 11.5 millones a 11.4 millones, inform\u00f3 este jueves Gonzalo Hern\u00e1ndez Licona, Secretario Ejecutivo del Consejo Nacional de Evaluaci\u00f3n de la Pol\u00edtica de Desarrollo Social (Coneval) durante la presentaci\u00f3n de la Medici\u00f3n de la Pobreza en M\u00e9xico 2014 a nivel nacional.<\/p>\n<p>La medici\u00f3n de pobreza la integran dos elementos que han tenido evoluciones contrarias: la cobertura de servicios b\u00e1sicos (educaci\u00f3n, salud, seguridad social, vivienda, alimentaci\u00f3n, servicios b\u00e1sicos) y el ingreso de las familias. Se basa en los datos de la Encuesta Nacional de Ingresos y Gastos de los Hogares (ENIGH) recolectados entre agosto y noviembre del a\u00f1o pasado por el Instituto Nacional de Estad\u00edstica y Geograf\u00eda (Inegi).<\/p>\n<p>\u201cLa pobreza es el resultado de que haya carencias de derechos sociales y bajen los ingresos\u201d, afirm\u00f3 Hern\u00e1ndez Licona. En el marco de la presentaci\u00f3n de los resultados, el investigador Fernando Cort\u00e9s C\u00e1ceres afirm\u00f3 que las cifras son el reflejo del comportamiento de la econom\u00eda y de la pol\u00edtica p\u00fablica, que tiene sus principales manifestaciones en las carencias sociales.<br \/>\nLa semana pasada, el Inegi document\u00f3 que el ingreso corriente promedio por hogar baj\u00f3 3.5 por ciento en el 2015.<\/p>\n","protected":false},"excerpt":{"rendered":"<p>El n\u00famero absoluto de mexicanos en pobreza aument\u00f3 de los 53.3 millones que hab\u00eda en 2012 a los 55.3 millones que se contabilizaron al 2014. La cobertura de carencias sociales aument\u00f3, pero los ingresos de las familias bajaron. La pobreza extrema baj\u00f3 de 9.8 por ciento a 9.5 por ciento, esto es, 11.5 millones a &hellip; <\/p>\n<p><a class=\"more-link btn\" href=\"https:\/\/lamendigapolitica.com\/?p=28247\">Seguir leyendo<\/a><\/p>\n","protected":false},"author":1,"featured_media":0,"comment_status":"open","ping_status":"closed","sticky":false,"template":"","format":"standard","meta":{"footnotes":""},"categories":[20,3],"tags":[],"class_list":["post-28247","post","type-post","status-publish","format-standard","hentry","category-gobierno","category-politica","item-wrap"],"_links":{"self":[{"href":"https:\/\/lamendigapolitica.com\/index.php?rest_route=\/wp\/v2\/posts\/28247","targetHints":{"allow":["GET"]}}],"collection":[{"href":"https:\/\/lamendigapolitica.com\/index.php?rest_route=\/wp\/v2\/posts"}],"about":[{"href":"https:\/\/lamendigapolitica.com\/index.php?rest_route=\/wp\/v2\/types\/post"}],"author":[{"embeddable":true,"href":"https:\/\/lamendigapolitica.com\/index.php?rest_route=\/wp\/v2\/users\/1"}],"replies":[{"embeddable":true,"href":"https:\/\/lamendigapolitica.com\/index.php?rest_route=%2Fwp%2Fv2%2Fcomments&post=28247"}],"version-history":[{"count":1,"href":"https:\/\/lamendigapolitica.com\/index.php?rest_route=\/wp\/v2\/posts\/28247\/revisions"}],"predecessor-version":[{"id":28249,"href":"https:\/\/lamendigapolitica.com\/index.php?rest_route=\/wp\/v2\/posts\/28247\/revisions\/28249"}],"wp:attachment":[{"href":"https:\/\/lamendigapolitica.com\/index.php?rest_route=%2Fwp%2Fv2%2Fmedia&parent=28247"}],"wp:term":[{"taxonomy":"category","embeddable":true,"href":"https:\/\/lamendigapolitica.com\/index.php?rest_route=%2Fwp%2Fv2%2Fcategories&post=28247"},{"taxonomy":"post_tag","embeddable":true,"href":"https:\/\/lamendigapolitica.com\/index.php?rest_route=%2Fwp%2Fv2%2Ftags&post=28247"}],"curies":[{"name":"wp","href":"https:\/\/api.w.org\/{rel}","templated":true}]}}