{"id":28239,"date":"2015-07-23T10:25:07","date_gmt":"2015-07-23T15:25:07","guid":{"rendered":"http:\/\/lamendigapolitica.com\/blog\/?p=28239"},"modified":"2015-07-23T10:25:07","modified_gmt":"2015-07-23T15:25:07","slug":"aplanan-zona-arqueologica-con-aval-del-inah","status":"publish","type":"post","link":"https:\/\/lamendigapolitica.com\/?p=28239","title":{"rendered":"Aplanan zona arqueol\u00f3gica con aval del INAH"},"content":{"rendered":"<p><a href=\"https:\/\/lamendigapolitica.com\/blog\/blog\/wp-content\/uploads\/2015\/07\/arrazan.jpg\"><img loading=\"lazy\" decoding=\"async\" class=\"aligncenter  wp-image-28240\" src=\"https:\/\/lamendigapolitica.com\/blog\/blog\/wp-content\/uploads\/2015\/07\/arrazan.jpg\" alt=\"arrazan\" width=\"366\" height=\"207\" \/><\/a><\/p>\n<p>Entre 250 y 300 metros cuadrados de vestigios arqueol\u00f3gicos, relacionados con la cultura teotihuacana, que existieron en el municipio de Tlaltizap\u00e1n, Morelos, fueron arrasados con maquinaria pesada para permitir la construcci\u00f3n de una carretera federal. La destrucci\u00f3n de las ruinas, construidas entre el 200 y 300 de nuestra era, fue realizada con la autorizaci\u00f3n del Instituto Nacional de Antropolog\u00eda e Historia (INAH), el cual argument\u00f3 que antes se encarg\u00f3 de recuperar la informaci\u00f3n arqueol\u00f3gica existente en el lugar.<\/p>\n<p>Pedro Francisco S\u00e1nchez Nava, coordinador Nacional de Arqueolog\u00eda, afirm\u00f3 que \u201cser\u00eda irresponsable de nuestra parte\u201d conservar los vestigios al aire libre dado que se trataba de estructuras \u201cinestables\u201d que fueron afectadas hace 10 a\u00f1os por lo que previamente se decidi\u00f3 llevar a cabo trabajos de exploraci\u00f3n arqueol\u00f3gica para posteriormente permitir a la constructora Aldesa continuar con la obra a pesar de que eso implic\u00f3 arrasar con los vestigios.<\/p>\n<p>Es una tarea que no es f\u00e1cilmente comprensible, el excavar en cualquier circunstancia ya implica alterar el contexto, por eso era importante hacer registros muy puntuales, de otra manera no conocer\u00edamos lo que ah\u00ed hubo\u201d, afirm\u00f3 el funcionario. S\u00e1nchez Nava minimiz\u00f3 la importancia de las estructuras: \u201chabr\u00eda que definir qu\u00e9 es una estructura, puede ser desde una hilada de piedras\u201d y afirm\u00f3 que los arque\u00f3logos s\u00f3lo rescataron piezas de cer\u00e1mica y l\u00edtica y no entierros como afirman los pobladores del municipio.<\/p>\n<p>En videos y fotograf\u00edas captadas por los propios habitantes de la regi\u00f3n y disponibles en la red social Facebook bajo el perfil \u201cDespierta Tlaltizap\u00e1n\u201d, es posible constatar las maniobras que realiz\u00f3 un trascabo para arrasar completamente con los vestigios. El tramo fue destruido para ser utilizado como un trecho de la Autopista Siglo XXI que unir\u00e1 los puertos de Veracruz y Acapulco.<\/p>\n","protected":false},"excerpt":{"rendered":"<p>Entre 250 y 300 metros cuadrados de vestigios arqueol\u00f3gicos, relacionados con la cultura teotihuacana, que existieron en el municipio de Tlaltizap\u00e1n, Morelos, fueron arrasados con maquinaria pesada para permitir la construcci\u00f3n de una carretera federal. La destrucci\u00f3n de las ruinas, construidas entre el 200 y 300 de nuestra era, fue realizada con la autorizaci\u00f3n del &hellip; <\/p>\n<p><a class=\"more-link btn\" href=\"https:\/\/lamendigapolitica.com\/?p=28239\">Seguir leyendo<\/a><\/p>\n","protected":false},"author":1,"featured_media":0,"comment_status":"open","ping_status":"closed","sticky":false,"template":"","format":"standard","meta":{"footnotes":""},"categories":[26,20],"tags":[],"class_list":["post-28239","post","type-post","status-publish","format-standard","hentry","category-cultura","category-gobierno","item-wrap"],"_links":{"self":[{"href":"https:\/\/lamendigapolitica.com\/index.php?rest_route=\/wp\/v2\/posts\/28239","targetHints":{"allow":["GET"]}}],"collection":[{"href":"https:\/\/lamendigapolitica.com\/index.php?rest_route=\/wp\/v2\/posts"}],"about":[{"href":"https:\/\/lamendigapolitica.com\/index.php?rest_route=\/wp\/v2\/types\/post"}],"author":[{"embeddable":true,"href":"https:\/\/lamendigapolitica.com\/index.php?rest_route=\/wp\/v2\/users\/1"}],"replies":[{"embeddable":true,"href":"https:\/\/lamendigapolitica.com\/index.php?rest_route=%2Fwp%2Fv2%2Fcomments&post=28239"}],"version-history":[{"count":1,"href":"https:\/\/lamendigapolitica.com\/index.php?rest_route=\/wp\/v2\/posts\/28239\/revisions"}],"predecessor-version":[{"id":28241,"href":"https:\/\/lamendigapolitica.com\/index.php?rest_route=\/wp\/v2\/posts\/28239\/revisions\/28241"}],"wp:attachment":[{"href":"https:\/\/lamendigapolitica.com\/index.php?rest_route=%2Fwp%2Fv2%2Fmedia&parent=28239"}],"wp:term":[{"taxonomy":"category","embeddable":true,"href":"https:\/\/lamendigapolitica.com\/index.php?rest_route=%2Fwp%2Fv2%2Fcategories&post=28239"},{"taxonomy":"post_tag","embeddable":true,"href":"https:\/\/lamendigapolitica.com\/index.php?rest_route=%2Fwp%2Fv2%2Ftags&post=28239"}],"curies":[{"name":"wp","href":"https:\/\/api.w.org\/{rel}","templated":true}]}}