{"id":28232,"date":"2015-07-23T10:19:16","date_gmt":"2015-07-23T15:19:16","guid":{"rendered":"http:\/\/lamendigapolitica.com\/blog\/?p=28232"},"modified":"2015-07-23T10:19:16","modified_gmt":"2015-07-23T15:19:16","slug":"dh-interviene-por-humillacion-a-indigente","status":"publish","type":"post","link":"https:\/\/lamendigapolitica.com\/?p=28232","title":{"rendered":"DH interviene por humillaci\u00f3n a indigente"},"content":{"rendered":"<p><a href=\"https:\/\/lamendigapolitica.com\/blog\/blog\/wp-content\/uploads\/2015\/07\/derechos1.jpg\"><img loading=\"lazy\" decoding=\"async\" class=\"aligncenter  wp-image-28237\" src=\"https:\/\/lamendigapolitica.com\/blog\/blog\/wp-content\/uploads\/2015\/07\/derechos1.jpg\" alt=\"derechos\" width=\"234\" height=\"321\" \/><\/a><\/p>\n<p>La Comisi\u00f3n Estatal de Derechos Humanos (CEDH) de Baja California abri\u00f3 el expediente de oficio 267\/15 por la posible vulneraci\u00f3n a los derechos a la igualdad y al trato digno del indigente al que varias personas exhiben p\u00fablicamente con una cuerda en el cuello. En un comunicado, la CEDH subray\u00f3 que el expediente ser\u00e1 expuesto ante el Consejo Nacional para Prevenir la Discriminaci\u00f3n (Conapred)<\/p>\n<p>En una fotograf\u00eda, aparentemente captada en la calle Primera de Ensenada, seis personas, entre las que se encuentra una funcionara p\u00fablica, posan sonrientes junto a un hombre en situaci\u00f3n de calle, del que se burlan por la \u201cocurrencia\u201d de uno de los seis personajes que sujeta al hombre con una cuerda puesta alrededor del cuello y quien no parece percatarse de lo que ocurre.<\/p>\n<p>La plataforma de noticias local plexmx.info difundi\u00f3 la imagen e identific\u00f3 a algunas de las personas que posan como Pedro Quezada V\u00e1zquez, director acad\u00e9mico de la Universidad Xochicalco, Campus Ensenada; una supuesta servidora p\u00fablica de quien hasta ahora no se ha revelado su identidad, adem\u00e1s del empresario restaurantero local Francisco Arg\u00fcelles o \u201cPaco Taco\u201d, propietario de la cantina \u201cLos Carbones\u201d, quien sujeta la cuerda.<br \/>\n+++<br \/>\nUf\u00f3logos dicen ver nave extraterrestre en fotos de la NASA<br \/>\nIm\u00e1genes captadas por el Observatorio Solar y Heliosf\u00e9rico (SOHO) para la NASA fotografiaron un objeto que, de acuerdo con el portal UFO Sightings Daily, se trata de una nave extraterrestre.<\/p>\n<p>Las im\u00e1genes fueron captadas por la NASA el 15 de julio y difundidas a trav\u00e9s de un video colgado en YouTube por el usuario Streetcap1. Los uf\u00f3logos plantearon que el objeto no puede ser confundido con una roca o un fragmento de basura espacial, mencion\u00f3 el diario Z\u00f3calo de Saltillo.<\/p>\n<p>\u00abEl objeto definitivamente tiene la estructura de una nave y NASA insultar\u00e1 a la inteligencia de cualquier persona si no admite que en sus fotos aparece una nave alien\u00edgena de 216 mil kil\u00f3metros cuadrados aproximadamente (el tama\u00f1o del estado estadunidense de Idaho)\u201d, consign\u00f3 un comunicado de UFO Sightings Daily.<\/p>\n<p>Los uf\u00f3logos, autores del sitio web, subrayaron que la NASA nunca les ha contestado y se niega reiteradamente a discutir el problema de la existencia de extraterrestres, que \u201cya est\u00e1n cerca de nuestro Sol\u201d. El citado portal web sostiene que tiene fotograf\u00edas de 113 caras de alien\u00edgenas en la Tierra y de 231 edificaciones en la Luna.<\/p>\n<p>Asegura tambi\u00e9n que ha podido explicar satisfactoriamente la formaci\u00f3n de los c\u00edrculos que aparecen de cuando en cuando en los campos de cultivo de varios pa\u00edses.<\/p>\n","protected":false},"excerpt":{"rendered":"<p>La Comisi\u00f3n Estatal de Derechos Humanos (CEDH) de Baja California abri\u00f3 el expediente de oficio 267\/15 por la posible vulneraci\u00f3n a los derechos a la igualdad y al trato digno del indigente al que varias personas exhiben p\u00fablicamente con una cuerda en el cuello. En un comunicado, la CEDH subray\u00f3 que el expediente ser\u00e1 expuesto &hellip; <\/p>\n<p><a class=\"more-link btn\" href=\"https:\/\/lamendigapolitica.com\/?p=28232\">Seguir leyendo<\/a><\/p>\n","protected":false},"author":1,"featured_media":0,"comment_status":"open","ping_status":"closed","sticky":false,"template":"","format":"standard","meta":{"footnotes":""},"categories":[20,22],"tags":[],"class_list":["post-28232","post","type-post","status-publish","format-standard","hentry","category-gobierno","category-sociales","item-wrap"],"_links":{"self":[{"href":"https:\/\/lamendigapolitica.com\/index.php?rest_route=\/wp\/v2\/posts\/28232","targetHints":{"allow":["GET"]}}],"collection":[{"href":"https:\/\/lamendigapolitica.com\/index.php?rest_route=\/wp\/v2\/posts"}],"about":[{"href":"https:\/\/lamendigapolitica.com\/index.php?rest_route=\/wp\/v2\/types\/post"}],"author":[{"embeddable":true,"href":"https:\/\/lamendigapolitica.com\/index.php?rest_route=\/wp\/v2\/users\/1"}],"replies":[{"embeddable":true,"href":"https:\/\/lamendigapolitica.com\/index.php?rest_route=%2Fwp%2Fv2%2Fcomments&post=28232"}],"version-history":[{"count":1,"href":"https:\/\/lamendigapolitica.com\/index.php?rest_route=\/wp\/v2\/posts\/28232\/revisions"}],"predecessor-version":[{"id":28238,"href":"https:\/\/lamendigapolitica.com\/index.php?rest_route=\/wp\/v2\/posts\/28232\/revisions\/28238"}],"wp:attachment":[{"href":"https:\/\/lamendigapolitica.com\/index.php?rest_route=%2Fwp%2Fv2%2Fmedia&parent=28232"}],"wp:term":[{"taxonomy":"category","embeddable":true,"href":"https:\/\/lamendigapolitica.com\/index.php?rest_route=%2Fwp%2Fv2%2Fcategories&post=28232"},{"taxonomy":"post_tag","embeddable":true,"href":"https:\/\/lamendigapolitica.com\/index.php?rest_route=%2Fwp%2Fv2%2Ftags&post=28232"}],"curies":[{"name":"wp","href":"https:\/\/api.w.org\/{rel}","templated":true}]}}