{"id":28219,"date":"2015-07-22T11:59:52","date_gmt":"2015-07-22T16:59:52","guid":{"rendered":"http:\/\/lamendigapolitica.com\/blog\/?p=28219"},"modified":"2015-07-22T11:59:52","modified_gmt":"2015-07-22T16:59:52","slug":"sobrina-de-epn-nueva-coordinadora-de-prensa-de-pemex","status":"publish","type":"post","link":"https:\/\/lamendigapolitica.com\/?p=28219","title":{"rendered":"Sobrina de EPN nueva coordinadora de prensa de Pemex"},"content":{"rendered":"<p><a href=\"https:\/\/lamendigapolitica.com\/blog\/blog\/wp-content\/uploads\/2015\/07\/sobrina1.jpg\"><img loading=\"lazy\" decoding=\"async\" src=\"https:\/\/lamendigapolitica.com\/blog\/blog\/wp-content\/uploads\/2015\/07\/sobrina1.jpg\" alt=\"sobrina\" width=\"301\" height=\"167\" class=\"aligncenter size-full wp-image-28221\" \/><\/a><\/p>\n<p>Mar\u00eda Fernanda Said Pretelini, sobrina del Presidente Enrique Pe\u00f1a Nieto, fue contratada por Petr\u00f3leos Mexicanos (Pemex) como coordinadora en el \u00e1rea de Comunicaci\u00f3n Social sin que tuviera experiencia en ese tipo de responsabilidades dentro del gobierno, seg\u00fan publica hoy sitio Aristegui Noticias.<\/p>\n<p>La investigaci\u00f3n realizada por los periodistas Sebasti\u00e1n Barrag\u00e1n y Rafael Cabrera refiere que Mar\u00eda Fernanda Said Pretelini tiene 25 a\u00f1os de edad y es hija de Claudia Pretelini, \u00fanica hermana de M\u00f3nica Pretelini, primera esposa de Enrique Pe\u00f1a Nieto y quien falleci\u00f3 en enero de 2007. La publicaci\u00f3n menciona que la joven egresada hace menos de un a\u00f1o de la licenciatura en Mercadotecnia de la Universidad An\u00e1huac del Norte en el a\u00f1o 2013 tiene una estrecha relaci\u00f3n con los hijos del mandatario mexicano como se muestra en redes sociales y los archivos digitales de las revistas Quien y Clase In.<\/p>\n<p>De acuerdo con documentos oficiales e informaci\u00f3n de Pemex obtenida por el portal de noticias que dirige la periodista Carmen Aristegui, Said Pretelini obtuvo una coordinaci\u00f3n en la Subgerencia de Difusi\u00f3n y Promoci\u00f3n bajo el r\u00e9gimen de confianza, por lo que no tuvo que someterse a un concurso contra otros profesionales de la comunicaci\u00f3n o de la mercadotecnia. La misma informaci\u00f3n indica que la sobrina del Presidente tiene percepciones mensuales promedio de 59 mil pesos, contando salarios, bonos y prestaciones.<\/p>\n<p>Tambi\u00e9n da cuenta de los 33 mil pesos que Mar\u00eda Fernanda Said Pretelini recibi\u00f3 para asistir a la Semana de la Publicidad 2014 de Nueva York, que se celebr\u00f3 del domingo 28 de septiembre al jueves 2 de octubre, seg\u00fan la p\u00e1gina web del evento. Las facturas obtenidas por Aristegui Noticias revelan que la funcionaria pag\u00f3 con recursos p\u00fablicos dos d\u00edas extras, 3 y 4 de octubre, para quedarse viernes y s\u00e1bado en Nueva York, pese a que el evento ya hab\u00eda concluido. El reporte dice que s\u00f3lo por hotel, la funcionaria pag\u00f3 mil 935 d\u00f3lares en efectivo, 26 mil 83 pesos al tipo de cambio de esa fecha, por un cuarto de hotel que us\u00f3 durante siete d\u00edas.<\/p>\n","protected":false},"excerpt":{"rendered":"<p>Mar\u00eda Fernanda Said Pretelini, sobrina del Presidente Enrique Pe\u00f1a Nieto, fue contratada por Petr\u00f3leos Mexicanos (Pemex) como coordinadora en el \u00e1rea de Comunicaci\u00f3n Social sin que tuviera experiencia en ese tipo de responsabilidades dentro del gobierno, seg\u00fan publica hoy sitio Aristegui Noticias. La investigaci\u00f3n realizada por los periodistas Sebasti\u00e1n Barrag\u00e1n y Rafael Cabrera refiere que &hellip; <\/p>\n<p><a class=\"more-link btn\" href=\"https:\/\/lamendigapolitica.com\/?p=28219\">Seguir leyendo<\/a><\/p>\n","protected":false},"author":1,"featured_media":0,"comment_status":"open","ping_status":"closed","sticky":false,"template":"","format":"standard","meta":{"footnotes":""},"categories":[20,3],"tags":[],"class_list":["post-28219","post","type-post","status-publish","format-standard","hentry","category-gobierno","category-politica","item-wrap"],"_links":{"self":[{"href":"https:\/\/lamendigapolitica.com\/index.php?rest_route=\/wp\/v2\/posts\/28219","targetHints":{"allow":["GET"]}}],"collection":[{"href":"https:\/\/lamendigapolitica.com\/index.php?rest_route=\/wp\/v2\/posts"}],"about":[{"href":"https:\/\/lamendigapolitica.com\/index.php?rest_route=\/wp\/v2\/types\/post"}],"author":[{"embeddable":true,"href":"https:\/\/lamendigapolitica.com\/index.php?rest_route=\/wp\/v2\/users\/1"}],"replies":[{"embeddable":true,"href":"https:\/\/lamendigapolitica.com\/index.php?rest_route=%2Fwp%2Fv2%2Fcomments&post=28219"}],"version-history":[{"count":1,"href":"https:\/\/lamendigapolitica.com\/index.php?rest_route=\/wp\/v2\/posts\/28219\/revisions"}],"predecessor-version":[{"id":28222,"href":"https:\/\/lamendigapolitica.com\/index.php?rest_route=\/wp\/v2\/posts\/28219\/revisions\/28222"}],"wp:attachment":[{"href":"https:\/\/lamendigapolitica.com\/index.php?rest_route=%2Fwp%2Fv2%2Fmedia&parent=28219"}],"wp:term":[{"taxonomy":"category","embeddable":true,"href":"https:\/\/lamendigapolitica.com\/index.php?rest_route=%2Fwp%2Fv2%2Fcategories&post=28219"},{"taxonomy":"post_tag","embeddable":true,"href":"https:\/\/lamendigapolitica.com\/index.php?rest_route=%2Fwp%2Fv2%2Ftags&post=28219"}],"curies":[{"name":"wp","href":"https:\/\/api.w.org\/{rel}","templated":true}]}}