{"id":28200,"date":"2015-07-21T11:59:23","date_gmt":"2015-07-21T16:59:23","guid":{"rendered":"http:\/\/lamendigapolitica.com\/blog\/?p=28200"},"modified":"2015-07-21T11:59:23","modified_gmt":"2015-07-21T16:59:23","slug":"frente-para-defender-votos-en-chiapas","status":"publish","type":"post","link":"https:\/\/lamendigapolitica.com\/?p=28200","title":{"rendered":"Frente para defender votos en Chiapas"},"content":{"rendered":"<p><a href=\"https:\/\/lamendigapolitica.com\/blog\/blog\/wp-content\/uploads\/2015\/07\/chiapas.jpg\"><img loading=\"lazy\" decoding=\"async\" class=\"aligncenter  wp-image-28201\" src=\"https:\/\/lamendigapolitica.com\/blog\/blog\/wp-content\/uploads\/2015\/07\/chiapas.jpg\" alt=\"chiapas\" width=\"395\" height=\"183\" \/><\/a><\/p>\n<p>Los presidentes nacionales del PRD y el PAN, Carlos Navarrete y Gustavo Madero, respectivamente, denunciaron una \u201cregresi\u00f3n autoritaria\u201d del PRI-PVEM durante la pasada jornada electoral en Chiapas. Denunciaron que se registr\u00f3 una violaci\u00f3n sistem\u00e1tica a la ley electoral, una compra masiva de votos y amenazas a los candidatos, durante la jornada para elegir a 122 presidentes municipales y legisladores locales.<\/p>\n<p>Madero y Navarrete anunciaron la conformaci\u00f3n de un frente solidario por la defensa del voto en Chiapas, ante lo que consideraron graves violaciones a ley electoral, compra de sufragios y el presunto intento del PRI-PVEM de arrebatar el triunfo a la oposici\u00f3n en Tuxtla Guti\u00e9rrez.El dirigente panista denunci\u00f3 que en Chiapas se vivi\u00f3 un proceso electoral que naci\u00f3 viciado desde que el Verde Ecologista y el PRI propusieron que las elecciones se realizaran un mes despu\u00e9s que las federales, \u201ccontrario a lo dictaba el texto constitucional\u201d.<\/p>\n<p>Adem\u00e1s, lamentaron que el Instituto de Elecciones y Participaci\u00f3n Ciudadana de Chiapas aprobara candidaturas sin cumplir la paridad de g\u00e9nero, \u201cal grado que la Sala Superior del Tribunal Electoral, no s\u00f3lo orden\u00f3 al PRI y al Verde sustituir a m\u00e1s de 40 candidatos respectivamente, sino que orden\u00f3 iniciar un proceso de sanci\u00f3n contra los ocho consejeros electorales locales e imponerles amonestaci\u00f3n p\u00fablica que a\u00fan est\u00e1n pendientes\u201d.<\/p>\n<p>El chihuahuense describi\u00f3 momentos en que la jornada electoral se llen\u00f3 de tensi\u00f3n, que incluso llevaron a los ciudadanos a vivir momentos como la quema de urnas electorales, la persecuci\u00f3n de candidatos y la ca\u00edda del sistema de c\u00f3mputo de votos. \u201cEl PAN gan\u00f3 la capital del estado con el doctor Francisco Rojas, en Tuxtla Guti\u00e9rrez. El PREP de Chiapas sospechosamente se suspendi\u00f3 cuando se revirti\u00f3 el resultado a nuestro favor\u201d, afirm\u00f3.<\/p>\n","protected":false},"excerpt":{"rendered":"<p>Los presidentes nacionales del PRD y el PAN, Carlos Navarrete y Gustavo Madero, respectivamente, denunciaron una \u201cregresi\u00f3n autoritaria\u201d del PRI-PVEM durante la pasada jornada electoral en Chiapas. Denunciaron que se registr\u00f3 una violaci\u00f3n sistem\u00e1tica a la ley electoral, una compra masiva de votos y amenazas a los candidatos, durante la jornada para elegir a 122 &hellip; <\/p>\n<p><a class=\"more-link btn\" href=\"https:\/\/lamendigapolitica.com\/?p=28200\">Seguir leyendo<\/a><\/p>\n","protected":false},"author":1,"featured_media":0,"comment_status":"open","ping_status":"closed","sticky":false,"template":"","format":"standard","meta":{"footnotes":""},"categories":[20,5,3],"tags":[],"class_list":["post-28200","post","type-post","status-publish","format-standard","hentry","category-gobierno","category-partidos","category-politica","item-wrap"],"_links":{"self":[{"href":"https:\/\/lamendigapolitica.com\/index.php?rest_route=\/wp\/v2\/posts\/28200","targetHints":{"allow":["GET"]}}],"collection":[{"href":"https:\/\/lamendigapolitica.com\/index.php?rest_route=\/wp\/v2\/posts"}],"about":[{"href":"https:\/\/lamendigapolitica.com\/index.php?rest_route=\/wp\/v2\/types\/post"}],"author":[{"embeddable":true,"href":"https:\/\/lamendigapolitica.com\/index.php?rest_route=\/wp\/v2\/users\/1"}],"replies":[{"embeddable":true,"href":"https:\/\/lamendigapolitica.com\/index.php?rest_route=%2Fwp%2Fv2%2Fcomments&post=28200"}],"version-history":[{"count":1,"href":"https:\/\/lamendigapolitica.com\/index.php?rest_route=\/wp\/v2\/posts\/28200\/revisions"}],"predecessor-version":[{"id":28202,"href":"https:\/\/lamendigapolitica.com\/index.php?rest_route=\/wp\/v2\/posts\/28200\/revisions\/28202"}],"wp:attachment":[{"href":"https:\/\/lamendigapolitica.com\/index.php?rest_route=%2Fwp%2Fv2%2Fmedia&parent=28200"}],"wp:term":[{"taxonomy":"category","embeddable":true,"href":"https:\/\/lamendigapolitica.com\/index.php?rest_route=%2Fwp%2Fv2%2Fcategories&post=28200"},{"taxonomy":"post_tag","embeddable":true,"href":"https:\/\/lamendigapolitica.com\/index.php?rest_route=%2Fwp%2Fv2%2Ftags&post=28200"}],"curies":[{"name":"wp","href":"https:\/\/api.w.org\/{rel}","templated":true}]}}