{"id":28172,"date":"2015-07-20T11:42:42","date_gmt":"2015-07-20T16:42:42","guid":{"rendered":"http:\/\/lamendigapolitica.com\/blog\/?p=28172"},"modified":"2015-07-20T11:42:42","modified_gmt":"2015-07-20T16:42:42","slug":"proagro-subsidia-a-hermanos-de-el-chapo","status":"publish","type":"post","link":"https:\/\/lamendigapolitica.com\/?p=28172","title":{"rendered":"ProAgro subsidia a hermanos de El Chapo"},"content":{"rendered":"<p><a href=\"https:\/\/lamendigapolitica.com\/blog\/blog\/wp-content\/uploads\/2015\/07\/procampo.jpg\"><img loading=\"lazy\" decoding=\"async\" class=\"aligncenter  wp-image-28173\" src=\"https:\/\/lamendigapolitica.com\/blog\/blog\/wp-content\/uploads\/2015\/07\/procampo.jpg\" alt=\"procampo\" width=\"380\" height=\"229\" \/><\/a><\/p>\n<p>El Programa de Apoyos Directos al Campo (Procampo), ahora conocido como ProAgro Productivo tiene entre sus beneficiarios a Jes\u00fas y Ofelina Guzm\u00e1n Loera, hermanos del reci\u00e9n fugado narcotraficante Joaqu\u00edn El Chapo Guzm\u00e1n, quienes forman parte desde 1997 del padr\u00f3n de productores beneficiados.<\/p>\n<p>El peri\u00f3dico Excelsior publica hoy que de acuerdo con documentos obtenidos v\u00eda transparencia establecen que los familiares del capo han obtenido del erario m\u00e1s de 500 mil pesos para la siembra de pastos perennes, ajonjol\u00ed, ma\u00edz, sorgo y otros cultivos. El reporte m\u00e1s reciente es del Ciclo Agr\u00edcola Primavera-Verano 2014, cuando la Secretar\u00eda de Agricultura, Ganader\u00eda, Desarrollo Rural, Pesca y Alimentaci\u00f3n (Sagarpa) entreg\u00f3 a Ofelina Guzm\u00e1n Loera subsidios para dos predios con n\u00famero de registro 500300454 y 500306474.<\/p>\n<p>El Programa de Apoyos Directos al Campo (Procampo), ahora llamado ProAgro Productivo, dise\u00f1ado hace 21 a\u00f1os para que los campesinos m\u00e1s pobres de M\u00e9xico pudieran hacer frente al Tratado de Libre Comercio de Am\u00e9rica del Norte, subsidia a los hermanos de Joaqu\u00edn El Chapo Guzm\u00e1n, l\u00edder del c\u00e1rtel del Pac\u00edfico, quien se fug\u00f3 por un t\u00fanel del penal de m\u00e1xima seguridad del Altiplano el pasado 11 de julio.<\/p>\n<p>Los terrenos de los hermanos de El Chapo, de entre 7.74 y 20 hect\u00e1reas seg\u00fan esos documentos, quienes invariablemente recibieron recursos en los \u00faltimos 17 a\u00f1os, est\u00e1n en Sinaloa, su tierra natal.<\/p>\n","protected":false},"excerpt":{"rendered":"<p>El Programa de Apoyos Directos al Campo (Procampo), ahora conocido como ProAgro Productivo tiene entre sus beneficiarios a Jes\u00fas y Ofelina Guzm\u00e1n Loera, hermanos del reci\u00e9n fugado narcotraficante Joaqu\u00edn El Chapo Guzm\u00e1n, quienes forman parte desde 1997 del padr\u00f3n de productores beneficiados. El peri\u00f3dico Excelsior publica hoy que de acuerdo con documentos obtenidos v\u00eda transparencia &hellip; <\/p>\n<p><a class=\"more-link btn\" href=\"https:\/\/lamendigapolitica.com\/?p=28172\">Seguir leyendo<\/a><\/p>\n","protected":false},"author":1,"featured_media":0,"comment_status":"open","ping_status":"closed","sticky":false,"template":"","format":"standard","meta":{"footnotes":""},"categories":[20,27],"tags":[],"class_list":["post-28172","post","type-post","status-publish","format-standard","hentry","category-gobierno","category-seguridad","item-wrap"],"_links":{"self":[{"href":"https:\/\/lamendigapolitica.com\/index.php?rest_route=\/wp\/v2\/posts\/28172","targetHints":{"allow":["GET"]}}],"collection":[{"href":"https:\/\/lamendigapolitica.com\/index.php?rest_route=\/wp\/v2\/posts"}],"about":[{"href":"https:\/\/lamendigapolitica.com\/index.php?rest_route=\/wp\/v2\/types\/post"}],"author":[{"embeddable":true,"href":"https:\/\/lamendigapolitica.com\/index.php?rest_route=\/wp\/v2\/users\/1"}],"replies":[{"embeddable":true,"href":"https:\/\/lamendigapolitica.com\/index.php?rest_route=%2Fwp%2Fv2%2Fcomments&post=28172"}],"version-history":[{"count":1,"href":"https:\/\/lamendigapolitica.com\/index.php?rest_route=\/wp\/v2\/posts\/28172\/revisions"}],"predecessor-version":[{"id":28174,"href":"https:\/\/lamendigapolitica.com\/index.php?rest_route=\/wp\/v2\/posts\/28172\/revisions\/28174"}],"wp:attachment":[{"href":"https:\/\/lamendigapolitica.com\/index.php?rest_route=%2Fwp%2Fv2%2Fmedia&parent=28172"}],"wp:term":[{"taxonomy":"category","embeddable":true,"href":"https:\/\/lamendigapolitica.com\/index.php?rest_route=%2Fwp%2Fv2%2Fcategories&post=28172"},{"taxonomy":"post_tag","embeddable":true,"href":"https:\/\/lamendigapolitica.com\/index.php?rest_route=%2Fwp%2Fv2%2Ftags&post=28172"}],"curies":[{"name":"wp","href":"https:\/\/api.w.org\/{rel}","templated":true}]}}