{"id":28167,"date":"2015-07-20T11:18:36","date_gmt":"2015-07-20T16:18:36","guid":{"rendered":"http:\/\/lamendigapolitica.com\/blog\/?p=28167"},"modified":"2015-07-20T11:18:36","modified_gmt":"2015-07-20T16:18:36","slug":"senado-incrementa-15-59-su-nomina","status":"publish","type":"post","link":"https:\/\/lamendigapolitica.com\/?p=28167","title":{"rendered":"Senado incrementa 15.59% su n\u00f3mina"},"content":{"rendered":"<p><a href=\"https:\/\/lamendigapolitica.com\/blog\/blog\/wp-content\/uploads\/2015\/07\/bandera.jpg\"><img loading=\"lazy\" decoding=\"async\" class=\"aligncenter  wp-image-28169\" src=\"https:\/\/lamendigapolitica.com\/blog\/blog\/wp-content\/uploads\/2015\/07\/bandera.jpg\" alt=\"bandera\" width=\"351\" height=\"219\" \/><\/a><\/p>\n<p>En una hist\u00f3rica ceremonia que puso fin a m\u00e1s de medio siglo de enemistad, la bandera de Cuba fue izada en la embajada de la isla en Washington, Estados Unidos, en presencia del canciller cubano, Bruno Rodr\u00edguez, otros diplom\u00e1ticos y cientos de invitados y curiosos. Tras el izamiento, una banda militar enton\u00f3 el himno nacional cubano.<\/p>\n<p>M\u00e1s de 500 invitados, adem\u00e1s de centenares de periodistas, activistas y curiosos abarrotaron no s\u00f3lo el interior de la sede diplom\u00e1tica, sino tambi\u00e9n las calles aleda\u00f1as, para convertir el acto en un evento multitudinario. La delegaci\u00f3n estadunidense fue liderada por la secretar\u00eda de Estado adjunta para Asuntos del Hemisferio Occidental, Roberta Jacobson, en el edificio que funcion\u00f3 como secci\u00f3n de intereses desde la d\u00e9cada de 1970 y ubicado a unos tres kil\u00f3metros de la Casa Blanca.<\/p>\n<p>Mientras activistas latinoamericanos saludaron la reapertura de embajadas y pidieron el fin del bloqueo que pesa contra la isla caribe\u00f1a, algunos exiliados cubanos demandaron de la administraci\u00f3n del presidente Barack Obama mayor presi\u00f3n en el tema de los derechos humanos.<\/p>\n<p>Con el restablecimiento de las relaciones, que fueron cortadas por Washington en 1961, la embajada de Estados Unidos en La Habana fue tambi\u00e9n reabierta autom\u00e1ticamente y estar\u00e1 encabezada por un encargado de negocios.<\/p>\n","protected":false},"excerpt":{"rendered":"<p>En una hist\u00f3rica ceremonia que puso fin a m\u00e1s de medio siglo de enemistad, la bandera de Cuba fue izada en la embajada de la isla en Washington, Estados Unidos, en presencia del canciller cubano, Bruno Rodr\u00edguez, otros diplom\u00e1ticos y cientos de invitados y curiosos. Tras el izamiento, una banda militar enton\u00f3 el himno nacional &hellip; <\/p>\n<p><a class=\"more-link btn\" href=\"https:\/\/lamendigapolitica.com\/?p=28167\">Seguir leyendo<\/a><\/p>\n","protected":false},"author":1,"featured_media":0,"comment_status":"open","ping_status":"closed","sticky":false,"template":"","format":"standard","meta":{"footnotes":""},"categories":[20,3],"tags":[],"class_list":["post-28167","post","type-post","status-publish","format-standard","hentry","category-gobierno","category-politica","item-wrap"],"_links":{"self":[{"href":"https:\/\/lamendigapolitica.com\/index.php?rest_route=\/wp\/v2\/posts\/28167","targetHints":{"allow":["GET"]}}],"collection":[{"href":"https:\/\/lamendigapolitica.com\/index.php?rest_route=\/wp\/v2\/posts"}],"about":[{"href":"https:\/\/lamendigapolitica.com\/index.php?rest_route=\/wp\/v2\/types\/post"}],"author":[{"embeddable":true,"href":"https:\/\/lamendigapolitica.com\/index.php?rest_route=\/wp\/v2\/users\/1"}],"replies":[{"embeddable":true,"href":"https:\/\/lamendigapolitica.com\/index.php?rest_route=%2Fwp%2Fv2%2Fcomments&post=28167"}],"version-history":[{"count":1,"href":"https:\/\/lamendigapolitica.com\/index.php?rest_route=\/wp\/v2\/posts\/28167\/revisions"}],"predecessor-version":[{"id":28170,"href":"https:\/\/lamendigapolitica.com\/index.php?rest_route=\/wp\/v2\/posts\/28167\/revisions\/28170"}],"wp:attachment":[{"href":"https:\/\/lamendigapolitica.com\/index.php?rest_route=%2Fwp%2Fv2%2Fmedia&parent=28167"}],"wp:term":[{"taxonomy":"category","embeddable":true,"href":"https:\/\/lamendigapolitica.com\/index.php?rest_route=%2Fwp%2Fv2%2Fcategories&post=28167"},{"taxonomy":"post_tag","embeddable":true,"href":"https:\/\/lamendigapolitica.com\/index.php?rest_route=%2Fwp%2Fv2%2Ftags&post=28167"}],"curies":[{"name":"wp","href":"https:\/\/api.w.org\/{rel}","templated":true}]}}