{"id":28137,"date":"2015-07-18T17:21:05","date_gmt":"2015-07-18T22:21:05","guid":{"rendered":"http:\/\/lamendigapolitica.com\/blog\/?p=28137"},"modified":"2015-07-18T17:21:05","modified_gmt":"2015-07-18T22:21:05","slug":"emiten-declaratoria-de-emergencia-por-el-volcan-de-colima","status":"publish","type":"post","link":"https:\/\/lamendigapolitica.com\/?p=28137","title":{"rendered":"Emiten declaratoria de emergencia por el volc\u00e1n de Colima"},"content":{"rendered":"<p><a href=\"https:\/\/lamendigapolitica.com\/blog\/blog\/wp-content\/uploads\/2015\/07\/volcam.jpg\"><img loading=\"lazy\" decoding=\"async\" src=\"https:\/\/lamendigapolitica.com\/blog\/blog\/wp-content\/uploads\/2015\/07\/volcam.jpg\" alt=\"volcam\" width=\"303\" height=\"166\" class=\"aligncenter size-full wp-image-28138\" \/><\/a><\/p>\n<p>El Fondo de Desastres Naturales (Fonden) emiti\u00f3 una Declaratoria de Emergencia para los municipios de Colima, Comala, Coquimatl\u00e1n, Cuauht\u00e9moc y Villa de \u00c1lvarez del estado de Colima, para responder de manera inmediata y oportuna a las necesidades urgentes de la poblaci\u00f3n afectada por la erupci\u00f3n del Volc\u00e1n de Fuego.<\/p>\n<p>En un comunicado, la Secretar\u00eda de Gobernaci\u00f3n (Segob) puntualiz\u00f3 que es la primera vez en la historia del Fonden que se emite una declaratoria de emergencia por erupci\u00f3n volc\u00e1nica. La dependencia detall\u00f3 que derivado de la actividad del Volc\u00e1n de Colima, el s\u00e1bado 11 de julio personal de la Direcci\u00f3n General para la Gesti\u00f3n de Riesgos que opera el acceso a los recursos del Fonden se traslad\u00f3 al estado de Colima.<\/p>\n<p>Ello, con el objetivo principal de acelerar los procedimientos del Fondo de Emergencias y fortalecer la coordinaci\u00f3n interinstitucional de las autoridades de los tres \u00f3rdenes de gobierno. Se ha requerido en el lugar el trabajo coordinado del personal de la Coordinaci\u00f3n Nacional de Protecci\u00f3n Civil, del Fonden, de las secretar\u00edas de la Defensa Nacional, de Marina, de Comunicaciones y Transportes, as\u00ed como de la Polic\u00eda Federal, la Comisi\u00f3n Nacional del Agua y del Centro Nacional de Prevenci\u00f3n de Desastres.<\/p>\n<p>Adem\u00e1s, de las autoridades del gobierno de Colima, particularmente con la Unidad Estatal de Protecci\u00f3n Civil, y de los municipios afectados, ha permitido que se distribuyan a los afectados los suministros de auxilio.<\/p>\n","protected":false},"excerpt":{"rendered":"<p>El Fondo de Desastres Naturales (Fonden) emiti\u00f3 una Declaratoria de Emergencia para los municipios de Colima, Comala, Coquimatl\u00e1n, Cuauht\u00e9moc y Villa de \u00c1lvarez del estado de Colima, para responder de manera inmediata y oportuna a las necesidades urgentes de la poblaci\u00f3n afectada por la erupci\u00f3n del Volc\u00e1n de Fuego. En un comunicado, la Secretar\u00eda de &hellip; <\/p>\n<p><a class=\"more-link btn\" href=\"https:\/\/lamendigapolitica.com\/?p=28137\">Seguir leyendo<\/a><\/p>\n","protected":false},"author":1,"featured_media":0,"comment_status":"open","ping_status":"closed","sticky":false,"template":"","format":"standard","meta":{"footnotes":""},"categories":[20,27],"tags":[],"class_list":["post-28137","post","type-post","status-publish","format-standard","hentry","category-gobierno","category-seguridad","item-wrap"],"_links":{"self":[{"href":"https:\/\/lamendigapolitica.com\/index.php?rest_route=\/wp\/v2\/posts\/28137","targetHints":{"allow":["GET"]}}],"collection":[{"href":"https:\/\/lamendigapolitica.com\/index.php?rest_route=\/wp\/v2\/posts"}],"about":[{"href":"https:\/\/lamendigapolitica.com\/index.php?rest_route=\/wp\/v2\/types\/post"}],"author":[{"embeddable":true,"href":"https:\/\/lamendigapolitica.com\/index.php?rest_route=\/wp\/v2\/users\/1"}],"replies":[{"embeddable":true,"href":"https:\/\/lamendigapolitica.com\/index.php?rest_route=%2Fwp%2Fv2%2Fcomments&post=28137"}],"version-history":[{"count":1,"href":"https:\/\/lamendigapolitica.com\/index.php?rest_route=\/wp\/v2\/posts\/28137\/revisions"}],"predecessor-version":[{"id":28139,"href":"https:\/\/lamendigapolitica.com\/index.php?rest_route=\/wp\/v2\/posts\/28137\/revisions\/28139"}],"wp:attachment":[{"href":"https:\/\/lamendigapolitica.com\/index.php?rest_route=%2Fwp%2Fv2%2Fmedia&parent=28137"}],"wp:term":[{"taxonomy":"category","embeddable":true,"href":"https:\/\/lamendigapolitica.com\/index.php?rest_route=%2Fwp%2Fv2%2Fcategories&post=28137"},{"taxonomy":"post_tag","embeddable":true,"href":"https:\/\/lamendigapolitica.com\/index.php?rest_route=%2Fwp%2Fv2%2Ftags&post=28137"}],"curies":[{"name":"wp","href":"https:\/\/api.w.org\/{rel}","templated":true}]}}