{"id":28101,"date":"2015-07-17T11:53:51","date_gmt":"2015-07-17T16:53:51","guid":{"rendered":"http:\/\/lamendigapolitica.com\/blog\/?p=28101"},"modified":"2015-07-17T11:53:51","modified_gmt":"2015-07-17T16:53:51","slug":"de-todos-colores-en-el-nuevo-gabinete-de-mancera","status":"publish","type":"post","link":"https:\/\/lamendigapolitica.com\/?p=28101","title":{"rendered":"De todos colores en el nuevo gabinete de Mancera"},"content":{"rendered":"<p><a href=\"https:\/\/lamendigapolitica.com\/blog\/blog\/wp-content\/uploads\/2015\/07\/mancera1.jpg\"><img loading=\"lazy\" decoding=\"async\" src=\"https:\/\/lamendigapolitica.com\/blog\/blog\/wp-content\/uploads\/2015\/07\/mancera1.jpg\" alt=\"mancera\" width=\"260\" height=\"194\" class=\"aligncenter size-full wp-image-28102\" \/><\/a><\/p>\n<p>En el nuevo gabinete de Miguel \u00c1ngel Mancera Espinosa, Jefe de Gobierno del Distrito Federal (GDF) hay cabida para personajes que provienen de la fuerza pol\u00edtica de Elba Esther Gordillo, el Partido Nueva Alianza (Panal), para el Partido Verde Ecologista de M\u00e9xico (PVEM) y hasta para el Partido Revolucionario Institucional (PRI).<\/p>\n<p>Entre ellos destaca como Director del Sistema Transporte Colectivo (STC) Metro Jorge Gavi\u00f1o Ambriz, Diputado y dirigente en la capital del pa\u00eds del Panal. Gavi\u00f1o Ambriz, quien hizo una alianza electoral con el perredismo en la Ciudad de M\u00e9xico en las pasadas elecciones, sustituir\u00e1 a Joel Ortega Cuevas.<\/p>\n<p>La ex panista Laura Ballesteros Mancilla fue nombrada ayer como titular del Nuevo Modelo de Movilidad en el gabinete de Mancera. Ballesteros prest\u00f3 servicios de consultor\u00eda al equipo de transici\u00f3n del ex Presidente Felipe Calder\u00f3n Hinojosa y fue Diputada local en el DF por el Partido Acci\u00f3n Nacional (PAN). Renunci\u00f3 este a\u00f1o al blanquiazul para lanzarse como candidata a la jefatura delegacional de Miguel Hidalgo y no por la izquierda, sino por la alianza PRI-PVEM.<\/p>\n<p>Analistas pol\u00edticos advirtieron esta semana que la tendencia de Mancera ser\u00eda alejarse de la izquierda radical, para acercase al centro. Es m\u00e1s, indicaron que el desempe\u00f1o de cada uno de los secretarios de su gabinete, no ser\u00eda crucial al momento de tomar la decisi\u00f3n de si se iban o se quedaban, pues lo que realmente definir\u00eda la suerte de cada uno de los funcionarios, ser\u00edan las aspiraciones presidenciales del Jefe de Gobierno, su necesidad de generar nuevas alianzas y de alejarse de la izquierda radical.<\/p>\n","protected":false},"excerpt":{"rendered":"<p>En el nuevo gabinete de Miguel \u00c1ngel Mancera Espinosa, Jefe de Gobierno del Distrito Federal (GDF) hay cabida para personajes que provienen de la fuerza pol\u00edtica de Elba Esther Gordillo, el Partido Nueva Alianza (Panal), para el Partido Verde Ecologista de M\u00e9xico (PVEM) y hasta para el Partido Revolucionario Institucional (PRI). Entre ellos destaca como &hellip; <\/p>\n<p><a class=\"more-link btn\" href=\"https:\/\/lamendigapolitica.com\/?p=28101\">Seguir leyendo<\/a><\/p>\n","protected":false},"author":1,"featured_media":0,"comment_status":"open","ping_status":"closed","sticky":false,"template":"","format":"standard","meta":{"footnotes":""},"categories":[20,5,3],"tags":[],"class_list":["post-28101","post","type-post","status-publish","format-standard","hentry","category-gobierno","category-partidos","category-politica","item-wrap"],"_links":{"self":[{"href":"https:\/\/lamendigapolitica.com\/index.php?rest_route=\/wp\/v2\/posts\/28101","targetHints":{"allow":["GET"]}}],"collection":[{"href":"https:\/\/lamendigapolitica.com\/index.php?rest_route=\/wp\/v2\/posts"}],"about":[{"href":"https:\/\/lamendigapolitica.com\/index.php?rest_route=\/wp\/v2\/types\/post"}],"author":[{"embeddable":true,"href":"https:\/\/lamendigapolitica.com\/index.php?rest_route=\/wp\/v2\/users\/1"}],"replies":[{"embeddable":true,"href":"https:\/\/lamendigapolitica.com\/index.php?rest_route=%2Fwp%2Fv2%2Fcomments&post=28101"}],"version-history":[{"count":1,"href":"https:\/\/lamendigapolitica.com\/index.php?rest_route=\/wp\/v2\/posts\/28101\/revisions"}],"predecessor-version":[{"id":28103,"href":"https:\/\/lamendigapolitica.com\/index.php?rest_route=\/wp\/v2\/posts\/28101\/revisions\/28103"}],"wp:attachment":[{"href":"https:\/\/lamendigapolitica.com\/index.php?rest_route=%2Fwp%2Fv2%2Fmedia&parent=28101"}],"wp:term":[{"taxonomy":"category","embeddable":true,"href":"https:\/\/lamendigapolitica.com\/index.php?rest_route=%2Fwp%2Fv2%2Fcategories&post=28101"},{"taxonomy":"post_tag","embeddable":true,"href":"https:\/\/lamendigapolitica.com\/index.php?rest_route=%2Fwp%2Fv2%2Ftags&post=28101"}],"curies":[{"name":"wp","href":"https:\/\/api.w.org\/{rel}","templated":true}]}}