{"id":28095,"date":"2015-07-17T11:50:18","date_gmt":"2015-07-17T16:50:18","guid":{"rendered":"http:\/\/lamendigapolitica.com\/blog\/?p=28095"},"modified":"2015-07-17T11:50:18","modified_gmt":"2015-07-17T16:50:18","slug":"7-160-millones-de-euros-para-grecia-de-la-ue","status":"publish","type":"post","link":"https:\/\/lamendigapolitica.com\/?p=28095","title":{"rendered":"7.160 millones de euros para Grecia de la UE"},"content":{"rendered":"<p><a href=\"https:\/\/lamendigapolitica.com\/blog\/blog\/wp-content\/uploads\/2015\/07\/grecia.jpg\"><img loading=\"lazy\" decoding=\"async\" class=\"aligncenter  wp-image-28096\" src=\"https:\/\/lamendigapolitica.com\/blog\/blog\/wp-content\/uploads\/2015\/07\/grecia.jpg\" alt=\"grecia\" width=\"365\" height=\"190\" \/><\/a><\/p>\n<p>El vicepresidente de la Comisi\u00f3n Europea para el Euro, Valdis Dombrovskis, anunci\u00f3 hoy la decisi\u00f3n de los pa\u00edses de la Uni\u00f3n Europea (UE) que dieron hoy su visto bueno final a una financiaci\u00f3n de urgencia de 7.160 millones de euros para Grecia, que estar\u00e1n disponibles el pr\u00f3ximo lunes, mediante un pr\u00e9stamo del Mecanismo Europeo de Estabilizaci\u00f3n Financiera (MEEF), un acuerdo que ha sido respaldado por los 28 Estados miembro de la Uni\u00f3n y que evita que Grecia llegue a una suspensi\u00f3n de pagos inmediata.<\/p>\n<p>El vicepresidente de la Comisi\u00f3n Europea explic\u00f3 que el pr\u00e9stamo del MEEF, un fondo que se nutre del presupuesto de la Uni\u00f3n Europea y que ya se utiliz\u00f3 en los rescates de Portugal e Irlanda, contar\u00e1 con dos garant\u00edas en caso de que Grecia no devuelva el dinero. Una est\u00e1 destinada a cubrir las p\u00e9rdidas que podr\u00edan sufrir los pa\u00edses que no forman parte del euro, con los beneficios de las operaciones realizadas con bonos helenos en manos del Banco Central Europeo (BCE) y aquellos en manos de los Bancos Centrales de los socios de la eurozona en sus propios balances (ANFA).<\/p>\n<p>La otra garant\u00eda ser\u00e1 que, en caso de que Atenas incumpla con la devoluci\u00f3n del pr\u00e9stamo, se le dejar\u00e1 de desembolsar fondos comunitarios -principalmente estructurales, seg\u00fan fuentes comunitarias- para compensar las p\u00e9rdidas. El pr\u00e9stamo tendr\u00e1 un plazo de vencimiento m\u00e1ximo de tres meses y ser\u00e1 desembolsado en un m\u00e1ximo de dos cuotas, seg\u00fan un comunicado del Consejo de la Uni\u00f3n Europea.<\/p>\n<p>\u00c9ste estar\u00e1 destinado a que Grecia resuelva los atrasos que acumula con \u00abel Fondo Monetario Internacional (FMI) y el Banco de Grecia\u00bb, as\u00ed como a hacer frente a los pagos que afronta en las pr\u00f3ximas semanas al BCE, empezando el lunes con 3.500 millones m\u00e1s otros 700 millones de intereses.<\/p>\n","protected":false},"excerpt":{"rendered":"<p>El vicepresidente de la Comisi\u00f3n Europea para el Euro, Valdis Dombrovskis, anunci\u00f3 hoy la decisi\u00f3n de los pa\u00edses de la Uni\u00f3n Europea (UE) que dieron hoy su visto bueno final a una financiaci\u00f3n de urgencia de 7.160 millones de euros para Grecia, que estar\u00e1n disponibles el pr\u00f3ximo lunes, mediante un pr\u00e9stamo del Mecanismo Europeo de &hellip; <\/p>\n<p><a class=\"more-link btn\" href=\"https:\/\/lamendigapolitica.com\/?p=28095\">Seguir leyendo<\/a><\/p>\n","protected":false},"author":1,"featured_media":0,"comment_status":"open","ping_status":"closed","sticky":false,"template":"","format":"standard","meta":{"footnotes":""},"categories":[20],"tags":[],"class_list":["post-28095","post","type-post","status-publish","format-standard","hentry","category-gobierno","item-wrap"],"_links":{"self":[{"href":"https:\/\/lamendigapolitica.com\/index.php?rest_route=\/wp\/v2\/posts\/28095","targetHints":{"allow":["GET"]}}],"collection":[{"href":"https:\/\/lamendigapolitica.com\/index.php?rest_route=\/wp\/v2\/posts"}],"about":[{"href":"https:\/\/lamendigapolitica.com\/index.php?rest_route=\/wp\/v2\/types\/post"}],"author":[{"embeddable":true,"href":"https:\/\/lamendigapolitica.com\/index.php?rest_route=\/wp\/v2\/users\/1"}],"replies":[{"embeddable":true,"href":"https:\/\/lamendigapolitica.com\/index.php?rest_route=%2Fwp%2Fv2%2Fcomments&post=28095"}],"version-history":[{"count":1,"href":"https:\/\/lamendigapolitica.com\/index.php?rest_route=\/wp\/v2\/posts\/28095\/revisions"}],"predecessor-version":[{"id":28097,"href":"https:\/\/lamendigapolitica.com\/index.php?rest_route=\/wp\/v2\/posts\/28095\/revisions\/28097"}],"wp:attachment":[{"href":"https:\/\/lamendigapolitica.com\/index.php?rest_route=%2Fwp%2Fv2%2Fmedia&parent=28095"}],"wp:term":[{"taxonomy":"category","embeddable":true,"href":"https:\/\/lamendigapolitica.com\/index.php?rest_route=%2Fwp%2Fv2%2Fcategories&post=28095"},{"taxonomy":"post_tag","embeddable":true,"href":"https:\/\/lamendigapolitica.com\/index.php?rest_route=%2Fwp%2Fv2%2Ftags&post=28095"}],"curies":[{"name":"wp","href":"https:\/\/api.w.org\/{rel}","templated":true}]}}