{"id":28092,"date":"2015-07-16T20:48:18","date_gmt":"2015-07-17T01:48:18","guid":{"rendered":"http:\/\/lamendigapolitica.com\/blog\/?p=28092"},"modified":"2015-07-16T20:48:18","modified_gmt":"2015-07-17T01:48:18","slug":"ansiedad-y-depresion-presentes-hasta-en-12-de-mexicanos","status":"publish","type":"post","link":"https:\/\/lamendigapolitica.com\/?p=28092","title":{"rendered":"Ansiedad y depresi\u00f3n presentes hasta en 12 % de mexicanos"},"content":{"rendered":"<p><a href=\"https:\/\/lamendigapolitica.com\/blog\/blog\/wp-content\/uploads\/2015\/07\/udg.jpg\"><img loading=\"lazy\" decoding=\"async\" class=\"aligncenter wp-image-28093 \" src=\"https:\/\/lamendigapolitica.com\/blog\/blog\/wp-content\/uploads\/2015\/07\/udg-300x204.jpg\" alt=\"udg\" width=\"351\" height=\"239\" \/><\/a><\/p>\n<p>Aunque no hay estudios que registren la incidencia real de ansiedad y depresi\u00f3n se estima que un12 por ciento de los mexicanos sufren de o de una combinaci\u00f3n de ambos trastorno afirm\u00f3 el doctor H\u00e9ctor Ra\u00fal P\u00e9rez G\u00f3mez, director general del OPD Hospital Civil de Guadalajara, al anunciar que UdeG ser\u00e1 sede del Congreso Mundial de Psiquiatr\u00eda Cultural en octubre.<\/p>\n<p>Explic\u00f3 que estas afectaciones est\u00e1n relacionadas no solo con la inseguridad que prevalece en Jalisco y M\u00e9xico, en general, sino a los problemas cotidianos que enfrentan las personas como bajos salarios, problemas de vivienda o familiares que generan, en muchas ocasiones, reacciones violentas en los individuos. Cada a\u00f1o en los Hospitales civiles se percibe un aumento de entre 7 y 10 por ciento de pacientes violentados de manera directa sobre todo entre grupos vulnerables como ni\u00f1os y mujeres.<\/p>\n<p>El tema de la inseguridad, junto con asuntos como la migraci\u00f3n, los refugiados y la espiritual ser\u00e1n tratados en Congreso de la Asociaci\u00f3n Mundial de Psiquiatr\u00eda Cultural que ser\u00e1 realizado del 29 de octubre al 2 de noviembre y tendr\u00e1 como sede la Universidad de Guadalajara.<\/p>\n<p>Este encuentro acad\u00e9mico tendr\u00e1 lugar primera vez ocasi\u00f3n en un pa\u00eds de Am\u00e9rica, y en \u00e9l se reunir\u00e1n especialistas en psiquiatr\u00eda, sociolog\u00eda y psicolog\u00eda de 50 pa\u00edses de los cinco continentes, explic\u00f3 el doctor Jaime Andrade Villanueva, Rector del Centro Universitario de Ciencias de la Salud.<\/p>\n","protected":false},"excerpt":{"rendered":"<p>Aunque no hay estudios que registren la incidencia real de ansiedad y depresi\u00f3n se estima que un12 por ciento de los mexicanos sufren de o de una combinaci\u00f3n de ambos trastorno afirm\u00f3 el doctor H\u00e9ctor Ra\u00fal P\u00e9rez G\u00f3mez, director general del OPD Hospital Civil de Guadalajara, al anunciar que UdeG ser\u00e1 sede del Congreso Mundial &hellip; <\/p>\n<p><a class=\"more-link btn\" href=\"https:\/\/lamendigapolitica.com\/?p=28092\">Seguir leyendo<\/a><\/p>\n","protected":false},"author":1,"featured_media":0,"comment_status":"open","ping_status":"closed","sticky":false,"template":"","format":"standard","meta":{"footnotes":""},"categories":[28,29],"tags":[],"class_list":["post-28092","post","type-post","status-publish","format-standard","hentry","category-educacion","category-salud","item-wrap"],"_links":{"self":[{"href":"https:\/\/lamendigapolitica.com\/index.php?rest_route=\/wp\/v2\/posts\/28092","targetHints":{"allow":["GET"]}}],"collection":[{"href":"https:\/\/lamendigapolitica.com\/index.php?rest_route=\/wp\/v2\/posts"}],"about":[{"href":"https:\/\/lamendigapolitica.com\/index.php?rest_route=\/wp\/v2\/types\/post"}],"author":[{"embeddable":true,"href":"https:\/\/lamendigapolitica.com\/index.php?rest_route=\/wp\/v2\/users\/1"}],"replies":[{"embeddable":true,"href":"https:\/\/lamendigapolitica.com\/index.php?rest_route=%2Fwp%2Fv2%2Fcomments&post=28092"}],"version-history":[{"count":1,"href":"https:\/\/lamendigapolitica.com\/index.php?rest_route=\/wp\/v2\/posts\/28092\/revisions"}],"predecessor-version":[{"id":28094,"href":"https:\/\/lamendigapolitica.com\/index.php?rest_route=\/wp\/v2\/posts\/28092\/revisions\/28094"}],"wp:attachment":[{"href":"https:\/\/lamendigapolitica.com\/index.php?rest_route=%2Fwp%2Fv2%2Fmedia&parent=28092"}],"wp:term":[{"taxonomy":"category","embeddable":true,"href":"https:\/\/lamendigapolitica.com\/index.php?rest_route=%2Fwp%2Fv2%2Fcategories&post=28092"},{"taxonomy":"post_tag","embeddable":true,"href":"https:\/\/lamendigapolitica.com\/index.php?rest_route=%2Fwp%2Fv2%2Ftags&post=28092"}],"curies":[{"name":"wp","href":"https:\/\/api.w.org\/{rel}","templated":true}]}}